{"id":146082,"date":"2020-12-17T10:21:57","date_gmt":"2020-12-17T09:21:57","guid":{"rendered":"https:\/\/acninternational.org\/?p=146082"},"modified":"2020-12-17T10:27:45","modified_gmt":"2020-12-17T09:27:45","slug":"pakistanischer-christ-kommt-nach-11-jahren-endlich-frei","status":"publish","type":"post","link":"https:\/\/acninternational.org\/de\/pakistanischer-christ-kommt-nach-11-jahren-endlich-frei\/","title":{"rendered":"Pakistanischer Christ kommt nach 11 Jahren endlich frei"},"content":{"rendered":"<p><em>Ein Christ in Pakistan wird endlich als freier Mann aus dem Gef\u00e4ngnis gehen \u2013 nachdem das Gericht ihn in einem Fall freigesprochen hat, der sich \u00fcber mehr als 11 Jahre hinzog, mit nahezu 70 Vertagungen.<\/em><\/p>\n<p>Imran Masih, ein Katholik aus Faisalabad, wurde wegen Blasphemie zu lebenslanger Haft verurteilt, nachdem Augenzeugen behauptet hatten, er habe im Juli 2009 mehrere B\u00fccher mit Koranversen verbrannt.<\/p>\n<figure id=\"attachment_146069\" aria-describedby=\"caption-attachment-146069\" style=\"width: 670px\" class=\"wp-caption alignnone\"><img loading=\"lazy\" decoding=\"async\" class=\"wp-image-146070 size-full\" src=\"https:\/\/media.acninternational.org\/wp-content\/uploads\/2020\/12\/Pakistan_acn-news_after-11-years-Imran-finally-walks-free-2-2.jpg\" alt=\"\" width=\"670\" height=\"400\" srcset=\"https:\/\/media.acninternational.org\/wp-content\/uploads\/2020\/12\/Pakistan_acn-news_after-11-years-Imran-finally-walks-free-2-2.jpg 670w, https:\/\/media.acninternational.org\/wp-content\/uploads\/2020\/12\/Pakistan_acn-news_after-11-years-Imran-finally-walks-free-2-2-300x179.jpg 300w\" sizes=\"auto, (max-width: 670px) 100vw, 670px\" \/><figcaption id=\"caption-attachment-146069\" class=\"wp-caption-text\">Imran Masih, ein Katholik aus Faisalabad, wurde wegen Blasphemie zu lebenslanger Haft verurteilt<\/figcaption><\/figure>\n<p>Das Oberste Gericht in Lahore sprach ihn heute (Dienstag, 15. Dezember) sowohl von dieser Anklage \u2013 nach \u00a7295b des pakistanischen Strafgesetzbuchs \u2013 als auch von einer weiteren nach \u00a7295a, der vors\u00e4tzlichen Verletzung der Gef\u00fchle von Muslimen, frei.<\/p>\n<p>In einem Gespr\u00e4ch mit der britischen Sektion des katholischen Hilfswerks Aid to the Church in Need (ACN) wenige Minuten nach der Urteilsverk\u00fcndung sagte Khalil Tahir Sandhu, der Anwalt von Imran Masih, er sei erleichtert, dass seinem Mandanten endlich Gerechtigkeit widerfahren sei. Er f\u00fcgte hinzu: \u201eEs ist gro\u00dfartig, dass Imran von allen Anklagepunkten freigesprochen wurde. Aber die Frage, die ich stellen muss, lautet, wer daf\u00fcr verantwortlich ist, dass er mehr als 11 Jahre hinter Gittern verbringen musste f\u00fcr ein Verbrechen, das er nie begangen hat.\u201c<\/p>\n<p>Mit dem Hinweis, dass Herr Masih noch ein Teenager war, als der angebliche Vorfall stattfand, machte der Anwalt darauf aufmerksam, dass beide Eltern von Herrn Masih w\u00e4hrend seiner langen Jahre in Einzelhaft im Zentralgef\u00e4ngnis von Faisalabad \u201evor Kummer um ihren Sohn gestorben seien\u201c.<\/p>\n<p>Bereits im Juni hatte Sandhu gegen\u00fcber ACN von \u201eerheblichen Widerspr\u00fcchen\u201c in den Aussagen der Augenzeugen bez\u00fcglich des Datums und der Uhrzeit des Verbrechens berichtet, dass Herr Masih angeblich begangen haben soll. Es wurde behauptet, dass Herr Masih die B\u00fccher mit Koranversen beim Ausr\u00e4umen eines Ladens, den er in Haq Favid Chowk, Hajveri Town, Faisalabad, betrieb, in Brand gesetzt habe. Sandhu stellte in Frage, ob die Augenzeugen die arabischen Schriften \u00fcberhaupt lesen konnten, die angeblich Koranverse enthalten haben soll, und erkl\u00e4rt: \u201eIn unserem Land passiert es oft, dass man zuerst den Angeklagten verhaftet und erst sp\u00e4ter die Beweise \u00fcberpr\u00fcft.\u201c Der Anwalt lobte die heutige Entscheidung des Obersten Gerichtshofs in Lahore und sagte, dass viele Richter Angst vor einer feindlichen Reaktion des islamistischen Mobs h\u00e4tten, der entschlossen sei, diejenigen zu bestrafen, die der Blasphemie beschuldigt wurden, insbesondere Angeh\u00f6rige religi\u00f6ser Minderheiten.<\/p>\n<p><iframe loading=\"lazy\" src=\"https:\/\/www.youtube.com\/embed\/TkE-xCPhATU\" width=\"560\" height=\"315\" frameborder=\"0\" allowfullscreen=\"allowfullscreen\" data-mce-fragment=\"1\"><\/iframe><\/p>\n<p>Der Fall Imran Masih erschien in dem vergangenen Monat von ACN (UK) ver\u00f6ffentlichten Bericht \u201e<a href=\"https:\/\/acnuk.org\/our-campaigns\/redwednesday\/set-your-captives-free-report\/\">Set Your Captives Free<\/a> &#8211; A Report on Christians unjustly detained for their Faith\u201c, in dem \u00fcber F\u00e4lle aus China, Eritrea, Nigeria und aus Pakistan berichtet wird.<\/p>\n","protected":false},"excerpt":{"rendered":"<p>A Christian man in Pakistan will at last walk out of prison a free man \u2013 after the court acquitted<\/p>\n","protected":false},"author":66,"featured_media":146058,"comment_status":"closed","ping_status":"closed","sticky":false,"template":"","format":"standard","meta":{"_acf_changed":false,"_acn_coauthor_ids":[],"footnotes":""},"categories":[234],"tags":[],"country":[104],"class_list":["post-146082","post","type-post","status-publish","format-standard","has-post-thumbnail","hentry","category-unkategorisiert","country-pakistan"],"acn_coauthors":[],"acf":[],"yoast_head":"<!-- This site is optimized with the Yoast SEO Premium plugin v27.3 (Yoast SEO v27.3) - https:\/\/yoast.com\/product\/yoast-seo-premium-wordpress\/ -->\n<title>Pakistanischer Christ kommt nach 11 Jahren endlich frei | ACN International<\/title>\n<meta name=\"robots\" content=\"index, follow, max-snippet:-1, max-image-preview:large, max-video-preview:-1\" \/>\n<link rel=\"canonical\" href=\"https:\/\/acninternational.org\/de\/pakistanischer-christ-kommt-nach-11-jahren-endlich-frei\/\" \/>\n<meta property=\"og:locale\" content=\"de_DE\" \/>\n<meta property=\"og:type\" content=\"article\" \/>\n<meta property=\"og:title\" content=\"Pakistanischer Christ kommt nach 11 Jahren endlich frei\" \/>\n<meta property=\"og:description\" content=\"A Christian man in Pakistan will at last walk out of prison a free man \u2013 after the court acquitted\" \/>\n<meta property=\"og:url\" content=\"https:\/\/acninternational.org\/de\/pakistanischer-christ-kommt-nach-11-jahren-endlich-frei\/\" \/>\n<meta property=\"og:site_name\" content=\"ACN International\" \/>\n<meta property=\"article:publisher\" content=\"https:\/\/www.facebook.com\/acninternationalorg\" \/>\n<meta property=\"article:published_time\" content=\"2020-12-17T09:21:57+00:00\" \/>\n<meta property=\"article:modified_time\" content=\"2020-12-17T09:27:45+00:00\" \/>\n<meta property=\"og:image\" content=\"https:\/\/media.acninternational.org\/wp-content\/uploads\/2020\/12\/Pakistan_acn-news_after-11-years-Imran-finally-walks-free.jpg\" \/>\n\t<meta property=\"og:image:width\" content=\"2000\" \/>\n\t<meta property=\"og:image:height\" content=\"625\" \/>\n\t<meta property=\"og:image:type\" content=\"image\/jpeg\" \/>\n<meta name=\"author\" content=\"Milena\" \/>\n<meta name=\"twitter:card\" content=\"summary_large_image\" \/>\n<meta name=\"twitter:creator\" content=\"@acn_int\" \/>\n<meta name=\"twitter:site\" content=\"@acn_int\" \/>\n<meta name=\"twitter:label1\" content=\"Verfasst von\" \/>\n\t<meta name=\"twitter:data1\" content=\"Milena\" \/>\n\t<meta name=\"twitter:label2\" content=\"Gesch\u00e4tzte Lesezeit\" \/>\n\t<meta name=\"twitter:data2\" content=\"2\u00a0Minuten\" \/>\n<script type=\"application\/ld+json\" class=\"yoast-schema-graph\">{\"@context\":\"https:\\\/\\\/schema.org\",\"@graph\":[{\"@type\":\"Article\",\"@id\":\"https:\\\/\\\/acninternational.org\\\/de\\\/pakistanischer-christ-kommt-nach-11-jahren-endlich-frei\\\/#article\",\"isPartOf\":{\"@id\":\"https:\\\/\\\/acninternational.org\\\/de\\\/pakistanischer-christ-kommt-nach-11-jahren-endlich-frei\\\/\"},\"author\":{\"name\":\"Milena\",\"@id\":\"https:\\\/\\\/acninternational.org\\\/de\\\/#\\\/schema\\\/person\\\/5a2b2930ad4475e0aa0dade4e51d9474\"},\"headline\":\"Pakistanischer Christ kommt nach 11 Jahren endlich frei\",\"datePublished\":\"2020-12-17T09:21:57+00:00\",\"dateModified\":\"2020-12-17T09:27:45+00:00\",\"mainEntityOfPage\":{\"@id\":\"https:\\\/\\\/acninternational.org\\\/de\\\/pakistanischer-christ-kommt-nach-11-jahren-endlich-frei\\\/\"},\"wordCount\":449,\"publisher\":{\"@id\":\"https:\\\/\\\/acninternational.org\\\/de\\\/#organization\"},\"image\":{\"@id\":\"https:\\\/\\\/acninternational.org\\\/de\\\/pakistanischer-christ-kommt-nach-11-jahren-endlich-frei\\\/#primaryimage\"},\"thumbnailUrl\":\"https:\\\/\\\/media.acninternational.org\\\/wp-content\\\/uploads\\\/2020\\\/12\\\/Pakistan_acn-news_after-11-years-Imran-finally-walks-free.jpg\",\"articleSection\":[\"Unkategorisiert\"],\"inLanguage\":\"de\"},{\"@type\":\"WebPage\",\"@id\":\"https:\\\/\\\/acninternational.org\\\/de\\\/pakistanischer-christ-kommt-nach-11-jahren-endlich-frei\\\/\",\"url\":\"https:\\\/\\\/acninternational.org\\\/de\\\/pakistanischer-christ-kommt-nach-11-jahren-endlich-frei\\\/\",\"name\":\"Pakistanischer Christ kommt nach 11 Jahren endlich frei | ACN International\",\"isPartOf\":{\"@id\":\"https:\\\/\\\/acninternational.org\\\/de\\\/#website\"},\"primaryImageOfPage\":{\"@id\":\"https:\\\/\\\/acninternational.org\\\/de\\\/pakistanischer-christ-kommt-nach-11-jahren-endlich-frei\\\/#primaryimage\"},\"image\":{\"@id\":\"https:\\\/\\\/acninternational.org\\\/de\\\/pakistanischer-christ-kommt-nach-11-jahren-endlich-frei\\\/#primaryimage\"},\"thumbnailUrl\":\"https:\\\/\\\/media.acninternational.org\\\/wp-content\\\/uploads\\\/2020\\\/12\\\/Pakistan_acn-news_after-11-years-Imran-finally-walks-free.jpg\",\"datePublished\":\"2020-12-17T09:21:57+00:00\",\"dateModified\":\"2020-12-17T09:27:45+00:00\",\"breadcrumb\":{\"@id\":\"https:\\\/\\\/acninternational.org\\\/de\\\/pakistanischer-christ-kommt-nach-11-jahren-endlich-frei\\\/#breadcrumb\"},\"inLanguage\":\"de\",\"potentialAction\":[{\"@type\":\"ReadAction\",\"target\":[\"https:\\\/\\\/acninternational.org\\\/de\\\/pakistanischer-christ-kommt-nach-11-jahren-endlich-frei\\\/\"]}]},{\"@type\":\"ImageObject\",\"inLanguage\":\"de\",\"@id\":\"https:\\\/\\\/acninternational.org\\\/de\\\/pakistanischer-christ-kommt-nach-11-jahren-endlich-frei\\\/#primaryimage\",\"url\":\"https:\\\/\\\/media.acninternational.org\\\/wp-content\\\/uploads\\\/2020\\\/12\\\/Pakistan_acn-news_after-11-years-Imran-finally-walks-free.jpg\",\"contentUrl\":\"https:\\\/\\\/media.acninternational.org\\\/wp-content\\\/uploads\\\/2020\\\/12\\\/Pakistan_acn-news_after-11-years-Imran-finally-walks-free.jpg\",\"width\":2000,\"height\":625},{\"@type\":\"BreadcrumbList\",\"@id\":\"https:\\\/\\\/acninternational.org\\\/de\\\/pakistanischer-christ-kommt-nach-11-jahren-endlich-frei\\\/#breadcrumb\",\"itemListElement\":[{\"@type\":\"ListItem\",\"position\":1,\"name\":\"Home\",\"item\":\"https:\\\/\\\/acninternational.org\\\/de\\\/\"},{\"@type\":\"ListItem\",\"position\":2,\"name\":\"Nachricht\",\"item\":\"https:\\\/\\\/acninternational.org\\\/de\\\/category\\\/news-de\\\/\"},{\"@type\":\"ListItem\",\"position\":3,\"name\":\"Pakistanischer Christ kommt nach 11 Jahren endlich frei\"}]},{\"@type\":\"WebSite\",\"@id\":\"https:\\\/\\\/acninternational.org\\\/de\\\/#website\",\"url\":\"https:\\\/\\\/acninternational.org\\\/de\\\/\",\"name\":\"ACN International\",\"description\":\"\",\"publisher\":{\"@id\":\"https:\\\/\\\/acninternational.org\\\/de\\\/#organization\"},\"potentialAction\":[{\"@type\":\"SearchAction\",\"target\":{\"@type\":\"EntryPoint\",\"urlTemplate\":\"https:\\\/\\\/acninternational.org\\\/de\\\/?s={search_term_string}\"},\"query-input\":{\"@type\":\"PropertyValueSpecification\",\"valueRequired\":true,\"valueName\":\"search_term_string\"}}],\"inLanguage\":\"de\"},{\"@type\":\"Organization\",\"@id\":\"https:\\\/\\\/acninternational.org\\\/de\\\/#organization\",\"name\":\"Aid to the Church in Need International\",\"url\":\"https:\\\/\\\/acninternational.org\\\/de\\\/\",\"logo\":{\"@type\":\"ImageObject\",\"inLanguage\":\"de\",\"@id\":\"https:\\\/\\\/acninternational.org\\\/de\\\/#\\\/schema\\\/logo\\\/image\\\/\",\"url\":\"https:\\\/\\\/media.acninternational.org\\\/wp-content\\\/uploads\\\/2019\\\/11\\\/acn_logo_blackvector.svg\",\"contentUrl\":\"https:\\\/\\\/media.acninternational.org\\\/wp-content\\\/uploads\\\/2019\\\/11\\\/acn_logo_blackvector.svg\",\"width\":232.6,\"height\":78,\"caption\":\"Aid to the Church in Need International\"},\"image\":{\"@id\":\"https:\\\/\\\/acninternational.org\\\/de\\\/#\\\/schema\\\/logo\\\/image\\\/\"},\"sameAs\":[\"https:\\\/\\\/www.facebook.com\\\/acninternationalorg\",\"https:\\\/\\\/x.com\\\/acn_int\",\"https:\\\/\\\/www.youtube.com\\\/channel\\\/UCQ-077gS0TnVzkhHmf1opZw\",\"https:\\\/\\\/www.instagram.com\\\/acn_international\\\/\"]},{\"@type\":\"Person\",\"@id\":\"https:\\\/\\\/acninternational.org\\\/de\\\/#\\\/schema\\\/person\\\/5a2b2930ad4475e0aa0dade4e51d9474\",\"name\":\"Milena\",\"description\":\"Lorem ipsum dolor sit amet, consectetur adipiscing elit, sed do eiusmod tempor incididunt ut labore et dolore magna aliqua. Ut enim ad minim veniam, quis nostrud exercitation ullamco laboris nisi ut aliquip ex ea commodo consequat.\",\"url\":\"https:\\\/\\\/acninternational.org\\\/de\\\/author\\\/milena\\\/\"}]}<\/script>\n<!-- \/ Yoast SEO Premium plugin. -->","yoast_head_json":{"title":"Pakistanischer Christ kommt nach 11 Jahren endlich frei | ACN International","robots":{"index":"index","follow":"follow","max-snippet":"max-snippet:-1","max-image-preview":"max-image-preview:large","max-video-preview":"max-video-preview:-1"},"canonical":"https:\/\/acninternational.org\/de\/pakistanischer-christ-kommt-nach-11-jahren-endlich-frei\/","og_locale":"de_DE","og_type":"article","og_title":"Pakistanischer Christ kommt nach 11 Jahren endlich frei","og_description":"A Christian man in Pakistan will at last walk out of prison a free man \u2013 after the court acquitted","og_url":"https:\/\/acninternational.org\/de\/pakistanischer-christ-kommt-nach-11-jahren-endlich-frei\/","og_site_name":"ACN International","article_publisher":"https:\/\/www.facebook.com\/acninternationalorg","article_published_time":"2020-12-17T09:21:57+00:00","article_modified_time":"2020-12-17T09:27:45+00:00","og_image":[{"width":2000,"height":625,"url":"https:\/\/media.acninternational.org\/wp-content\/uploads\/2020\/12\/Pakistan_acn-news_after-11-years-Imran-finally-walks-free.jpg","type":"image\/jpeg"}],"author":"Milena","twitter_card":"summary_large_image","twitter_creator":"@acn_int","twitter_site":"@acn_int","twitter_misc":{"Verfasst von":"Milena","Gesch\u00e4tzte Lesezeit":"2\u00a0Minuten"},"schema":{"@context":"https:\/\/schema.org","@graph":[{"@type":"Article","@id":"https:\/\/acninternational.org\/de\/pakistanischer-christ-kommt-nach-11-jahren-endlich-frei\/#article","isPartOf":{"@id":"https:\/\/acninternational.org\/de\/pakistanischer-christ-kommt-nach-11-jahren-endlich-frei\/"},"author":{"name":"Milena","@id":"https:\/\/acninternational.org\/de\/#\/schema\/person\/5a2b2930ad4475e0aa0dade4e51d9474"},"headline":"Pakistanischer Christ kommt nach 11 Jahren endlich frei","datePublished":"2020-12-17T09:21:57+00:00","dateModified":"2020-12-17T09:27:45+00:00","mainEntityOfPage":{"@id":"https:\/\/acninternational.org\/de\/pakistanischer-christ-kommt-nach-11-jahren-endlich-frei\/"},"wordCount":449,"publisher":{"@id":"https:\/\/acninternational.org\/de\/#organization"},"image":{"@id":"https:\/\/acninternational.org\/de\/pakistanischer-christ-kommt-nach-11-jahren-endlich-frei\/#primaryimage"},"thumbnailUrl":"https:\/\/media.acninternational.org\/wp-content\/uploads\/2020\/12\/Pakistan_acn-news_after-11-years-Imran-finally-walks-free.jpg","articleSection":["Unkategorisiert"],"inLanguage":"de"},{"@type":"WebPage","@id":"https:\/\/acninternational.org\/de\/pakistanischer-christ-kommt-nach-11-jahren-endlich-frei\/","url":"https:\/\/acninternational.org\/de\/pakistanischer-christ-kommt-nach-11-jahren-endlich-frei\/","name":"Pakistanischer Christ kommt nach 11 Jahren endlich frei | ACN International","isPartOf":{"@id":"https:\/\/acninternational.org\/de\/#website"},"primaryImageOfPage":{"@id":"https:\/\/acninternational.org\/de\/pakistanischer-christ-kommt-nach-11-jahren-endlich-frei\/#primaryimage"},"image":{"@id":"https:\/\/acninternational.org\/de\/pakistanischer-christ-kommt-nach-11-jahren-endlich-frei\/#primaryimage"},"thumbnailUrl":"https:\/\/media.acninternational.org\/wp-content\/uploads\/2020\/12\/Pakistan_acn-news_after-11-years-Imran-finally-walks-free.jpg","datePublished":"2020-12-17T09:21:57+00:00","dateModified":"2020-12-17T09:27:45+00:00","breadcrumb":{"@id":"https:\/\/acninternational.org\/de\/pakistanischer-christ-kommt-nach-11-jahren-endlich-frei\/#breadcrumb"},"inLanguage":"de","potentialAction":[{"@type":"ReadAction","target":["https:\/\/acninternational.org\/de\/pakistanischer-christ-kommt-nach-11-jahren-endlich-frei\/"]}]},{"@type":"ImageObject","inLanguage":"de","@id":"https:\/\/acninternational.org\/de\/pakistanischer-christ-kommt-nach-11-jahren-endlich-frei\/#primaryimage","url":"https:\/\/media.acninternational.org\/wp-content\/uploads\/2020\/12\/Pakistan_acn-news_after-11-years-Imran-finally-walks-free.jpg","contentUrl":"https:\/\/media.acninternational.org\/wp-content\/uploads\/2020\/12\/Pakistan_acn-news_after-11-years-Imran-finally-walks-free.jpg","width":2000,"height":625},{"@type":"BreadcrumbList","@id":"https:\/\/acninternational.org\/de\/pakistanischer-christ-kommt-nach-11-jahren-endlich-frei\/#breadcrumb","itemListElement":[{"@type":"ListItem","position":1,"name":"Home","item":"https:\/\/acninternational.org\/de\/"},{"@type":"ListItem","position":2,"name":"Nachricht","item":"https:\/\/acninternational.org\/de\/category\/news-de\/"},{"@type":"ListItem","position":3,"name":"Pakistanischer Christ kommt nach 11 Jahren endlich frei"}]},{"@type":"WebSite","@id":"https:\/\/acninternational.org\/de\/#website","url":"https:\/\/acninternational.org\/de\/","name":"ACN International","description":"","publisher":{"@id":"https:\/\/acninternational.org\/de\/#organization"},"potentialAction":[{"@type":"SearchAction","target":{"@type":"EntryPoint","urlTemplate":"https:\/\/acninternational.org\/de\/?s={search_term_string}"},"query-input":{"@type":"PropertyValueSpecification","valueRequired":true,"valueName":"search_term_string"}}],"inLanguage":"de"},{"@type":"Organization","@id":"https:\/\/acninternational.org\/de\/#organization","name":"Aid to the Church in Need International","url":"https:\/\/acninternational.org\/de\/","logo":{"@type":"ImageObject","inLanguage":"de","@id":"https:\/\/acninternational.org\/de\/#\/schema\/logo\/image\/","url":"https:\/\/media.acninternational.org\/wp-content\/uploads\/2019\/11\/acn_logo_blackvector.svg","contentUrl":"https:\/\/media.acninternational.org\/wp-content\/uploads\/2019\/11\/acn_logo_blackvector.svg","width":232.6,"height":78,"caption":"Aid to the Church in Need International"},"image":{"@id":"https:\/\/acninternational.org\/de\/#\/schema\/logo\/image\/"},"sameAs":["https:\/\/www.facebook.com\/acninternationalorg","https:\/\/x.com\/acn_int","https:\/\/www.youtube.com\/channel\/UCQ-077gS0TnVzkhHmf1opZw","https:\/\/www.instagram.com\/acn_international\/"]},{"@type":"Person","@id":"https:\/\/acninternational.org\/de\/#\/schema\/person\/5a2b2930ad4475e0aa0dade4e51d9474","name":"Milena","description":"Lorem ipsum dolor sit amet, consectetur adipiscing elit, sed do eiusmod tempor incididunt ut labore et dolore magna aliqua. Ut enim ad minim veniam, quis nostrud exercitation ullamco laboris nisi ut aliquip ex ea commodo consequat.","url":"https:\/\/acninternational.org\/de\/author\/milena\/"}]}},"_links":{"self":[{"href":"https:\/\/acninternational.org\/de\/wp-json\/wp\/v2\/posts\/146082","targetHints":{"allow":["GET"]}}],"collection":[{"href":"https:\/\/acninternational.org\/de\/wp-json\/wp\/v2\/posts"}],"about":[{"href":"https:\/\/acninternational.org\/de\/wp-json\/wp\/v2\/types\/post"}],"author":[{"embeddable":true,"href":"https:\/\/acninternational.org\/de\/wp-json\/wp\/v2\/users\/66"}],"replies":[{"embeddable":true,"href":"https:\/\/acninternational.org\/de\/wp-json\/wp\/v2\/comments?post=146082"}],"version-history":[{"count":0,"href":"https:\/\/acninternational.org\/de\/wp-json\/wp\/v2\/posts\/146082\/revisions"}],"wp:featuredmedia":[{"embeddable":true,"href":"https:\/\/acninternational.org\/de\/wp-json\/wp\/v2\/media\/146058"}],"wp:attachment":[{"href":"https:\/\/acninternational.org\/de\/wp-json\/wp\/v2\/media?parent=146082"}],"wp:term":[{"taxonomy":"category","embeddable":true,"href":"https:\/\/acninternational.org\/de\/wp-json\/wp\/v2\/categories?post=146082"},{"taxonomy":"post_tag","embeddable":true,"href":"https:\/\/acninternational.org\/de\/wp-json\/wp\/v2\/tags?post=146082"},{"taxonomy":"country","embeddable":true,"href":"https:\/\/acninternational.org\/de\/wp-json\/wp\/v2\/country?post=146082"}],"curies":[{"name":"wp","href":"https:\/\/api.w.org\/{rel}","templated":true}]}}