{"id":145771,"date":"2020-12-15T11:59:51","date_gmt":"2020-12-15T10:59:51","guid":{"rendered":"https:\/\/acninternational.org\/?p=145771"},"modified":"2020-12-15T12:05:00","modified_gmt":"2020-12-15T11:05:00","slug":"katholische-familie-in-pakistan-betet-fuer-heiligsprechung-des-ermordeten-sohnes","status":"publish","type":"post","link":"https:\/\/acninternational.org\/de\/katholische-familie-in-pakistan-betet-fuer-heiligsprechung-des-ermordeten-sohnes\/","title":{"rendered":"Katholische Familie in Pakistan betet f\u00fcr Heiligsprechung des ermordeten Sohnes"},"content":{"rendered":"<p><em>Naz Bano betet seit 2016 f\u00fcr die Heiligsprechung ihres 20-j\u00e4hrigen Sohnes Akash Bashir, der get\u00f6tet wurde, als er verhinderte, dass ein Selbstmordattent\u00e4ter in die \u00fcberf\u00fcllte katholische St. John&#8217;s Kirche eindrang. Mindestens 20 Menschen starben und 80 wurden verletzt, als am 15. M\u00e4rz 2015 in Youhanabad, dem christlichen Viertel von Lahore, Hauptstadt der pakistanischen Provinz Punjab, ein doppelter Selbstmordanschlag auf Gottesdienste in zwei Kirchen ver\u00fcbt wurde. Pater Francis Gulzar, der Generalvikar der Erzdi\u00f6zese Lahore, k\u00fcndigte am ersten Jahrestag des Terroranschlags den Beginn des Prozesses zur Heiligsprechung von Akash an. Seine Mutter sprach mit dem Hilfswerk Aid to the Church in Need International (ACN) \u00fcber ihre Trauer.<\/em><\/p>\n<p>\u201eWir sind 2008 nach Youhanabad gezogen. Im November 2014 schloss sich Akash dem Team der freiwilligen Sicherheitskr\u00e4fte unserer Kirche an. Alle Konfessionen rekrutierten nach dem Selbstmordattentat auf die Allerheiligenkirche in Peshawar City in der n\u00f6rdlichen Provinz Khyber Pakhtunkhwa im Jahr 2013 Jugendliche f\u00fcr den Sicherheitsdienst.<\/p>\n<p>Wir haben immer wieder Demonstranten gesehen, die Gerechtigkeit f\u00fcr die Opfer des Bombenanschlags auf die Kirche von Peschawar forderten. Akash diskutierte dar\u00fcber mit seinen Freunden und bestand drei Monate lang darauf, dass er die Kirche bewachen wollte. Er war bereit, sein Leben zu opfern, wenn Gott ihm die Chance g\u00e4be, andere zu sch\u00fctzen.<\/p>\n<p>Er starb w\u00e4hrend der Fastenzeit. Ich war gerade dabei, im Haus W\u00e4sche zu waschen, als mein Sohn an jenem Sonntag in die Kirche ging. Er war ganz in wei\u00df gekleidet. Ein Augenblick sp\u00e4ter h\u00f6rte ich, wie drau\u00dfen geschossen wurde. Dann ersch\u00fctterten Explosionen unsere Stra\u00dfe. Ich erinnerte mich an Frauen, die von Morddrohungen sprachen, die in der Schule der [anglikanischen] Christuskirche kursierten. Die Sch\u00fcler schilderten, wie sie Drohbriefe und Leichent\u00fccher in ihren Briefk\u00e4sten gefunden hatten.<\/p>\n<p>Die Stra\u00dfen waren voller Menschen. Als ich die zweite Explosion h\u00f6rte, eilte ich mit meinem j\u00fcngsten Sohn zur katholischen Kirche. Ich suchte unter den Jungen, die in der N\u00e4he des Kirchentors standen, nach Akash. Aber er lag auf der Erde im Dreck. Sein rechter Arm war fast abgerissen worden. Ich traute meinen Augen nicht.<\/p>\n<p>Die diensthabenden Polizisten hatten sich ein Spiel der Kricket-WM angesehen. Akash sollte Besucher an einer Absperrung in einiger Entfernung von der Kirche kontrollieren, aber er bestand auf einen Posten am Kirchentor. \u201eIch werde sterben, aber ich werde Dich nicht in die Kirche lassen\u201c, waren seine letzten Worte an den Terroristen. Diese Worte stehen nun auf Spruchb\u00e4ndern bei der j\u00e4hrlichen Gedenkfeier zu seinem Tod geschrieben. Die f\u00fcnfte Feier wurde in diesem Jahr wegen der Corona-Pandemie abgesagt.<\/p>\n<p><iframe loading=\"lazy\" title=\"Fastenkampagne von KIRCHE IN NOT: Vergesst unsere verfolgten Schwestern und Br\u00fcder nicht! (Pakistan)\" width=\"640\" height=\"360\" src=\"https:\/\/www.youtube.com\/embed\/P5Wr02Ndsm8?feature=oembed\" frameborder=\"0\" allow=\"accelerometer; autoplay; clipboard-write; encrypted-media; gyroscope; picture-in-picture; web-share\" referrerpolicy=\"strict-origin-when-cross-origin\" allowfullscreen><\/iframe><\/p>\n<p>Die katholische Kirche bot Unterst\u00fctzung f\u00fcr die Familien der Verstorbenen und f\u00fcr die Verletzten an. Auch andere Kirchen und \u00c4mter leisteten Hilfe. Im vergangenen April verteilten die Pakistan Rangers, eine paramilit\u00e4rische Truppe der Bundesregierung, die f\u00fcr die Sicherheit in gef\u00e4hrlichen Gebieten verantwortlich ist, 500 Rationen mit Lebensmitteln an bed\u00fcrftige Christen und Familien der Bombenopfer.<\/p>\n<p>Arsalan, mein 25-j\u00e4hriger Sohn, hat sich dem Sicherheitsteam der Kirche angeschlossen, um den Platz seines Bruders einzunehmen. Wir haben ihn nicht aufgehalten. Wir k\u00f6nnen unsere S\u00f6hne nicht daran hindern, der Kirche zu dienen. Es ist ihre Entscheidung. Unsere Kirchen sind jetzt sonntags noch \u00fcberf\u00fcllter. Die Zahl der freiwilligen Sicherheitskr\u00e4fte der Kirche hat sich erh\u00f6ht. Die Gemeinschaft ist enger zusammengewachsen. Kleriker besuchen h\u00e4ufig im Rahmen interkonfessioneller Programme die Kirchen der jeweils anderen Konfession. Wir wollen Youhanabad nicht verlassen. Wir lieben die christliche Atmosph\u00e4re trotz des Fehlens eines staatlichen Krankenhauses und staatlicher Schulen.<\/p>\n<p>Mehrere Nonnen und unser Pfarrer begleiteten uns am Allerseelentag zum Grab von Akash. In einer Gruppe von 20 Personen beteten wir f\u00fcr ihn. Auch Familienmitglieder anderer Bombenopfer brachten Blumen mit. Der Beginn seines Heiligsprechungs-Prozesses hat sich aufgrund der Pandemie verz\u00f6gert. Ein salesianischer Priester schreibt jedoch gerade ein Buch \u00fcber ihn.<\/p>\n<p>Ich habe gemischte Gef\u00fchle beim Vorbeigehen an seinem Denkmal vor der St. John\u2019s Kirche. Er war ein Teil meines Herzens. Aber unsere Freude ist gr\u00f6\u00dfer als unsere Trauer. Er starb weder durch Drogenmissbrauch noch durch einen Unfall. Er war ein einfacher Junge, der auf dem Weg des Herrn starb und den Priester und die Gottesdienstbesucher rettete. Die Leute lieben ihn. Akash ist schon jetzt unser Heiliger.\u201d<\/p>\n","protected":false},"excerpt":{"rendered":"<p>Naz Bano betet seit 2016 f\u00fcr die Heiligsprechung ihres 20-j\u00e4hrigen Sohnes Akash Bashir, der get\u00f6tet wurde, als er verhinderte, dass<\/p>\n","protected":false},"author":4258341447,"featured_media":145763,"comment_status":"closed","ping_status":"closed","sticky":false,"template":"","format":"standard","meta":{"_acf_changed":false,"_acn_coauthor_ids":[],"_acn_featured_article":false,"footnotes":""},"categories":[234],"tags":[],"country":[104],"class_list":["post-145771","post","type-post","status-publish","format-standard","has-post-thumbnail","hentry","category-unkategorisiert","country-pakistan"],"acn_coauthors":[],"acf":[],"yoast_head":"<!-- This site is optimized with the Yoast SEO Premium plugin v27.5 (Yoast SEO v27.5) - https:\/\/yoast.com\/product\/yoast-seo-premium-wordpress\/ -->\n<title>Katholische Familie in Pakistan betet f\u00fcr Heiligsprechung des ermordeten Sohnes<\/title>\n<meta name=\"description\" content=\"Naz Bano betet seit 2016 f\u00fcr die Heiligsprechung ihres 20-j\u00e4hrigen Sohnes Akash Bashir, der get\u00f6tet wurde, als er verhinderte, dass ein Selbstmordattent\u00e4ter in die \u00fcberf\u00fcllte katholische St. John&#039;s Kirche eindrang. Mindestens 20 Menschen starben und 80 wurden verletzt, als am 15. M\u00e4rz 2015 in Youhanabad, dem christlichen Viertel von Lahore, Hauptstadt der pakistanischen Provinz Punjab, ein doppelter Selbstmordanschlag auf Gottesdienste in zwei Kirchen ver\u00fcbt wurde. Pater Francis Gulzar, der Generalvikar der Erzdi\u00f6zese Lahore, k\u00fcndigte am ersten Jahrestag des Terroranschlags den Beginn des Prozesses zur Heiligsprechung von Akash an. Seine Mutter sprach mit dem Hilfswerk Aid to the Church in Need International (ACN) \u00fcber ihre Trauer.\" \/>\n<meta name=\"robots\" content=\"index, follow, max-snippet:-1, max-image-preview:large, max-video-preview:-1\" \/>\n<link rel=\"canonical\" href=\"https:\/\/acninternational.org\/de\/katholische-familie-in-pakistan-betet-fuer-heiligsprechung-des-ermordeten-sohnes\/\" \/>\n<meta property=\"og:locale\" content=\"de_DE\" \/>\n<meta property=\"og:type\" content=\"article\" \/>\n<meta property=\"og:title\" content=\"Katholische Familie in Pakistan betet f\u00fcr Heiligsprechung des ermordeten Sohnes\" \/>\n<meta property=\"og:description\" content=\"Naz Bano betet seit 2016 f\u00fcr die Heiligsprechung ihres 20-j\u00e4hrigen Sohnes Akash Bashir, der get\u00f6tet wurde, als er verhinderte, dass ein Selbstmordattent\u00e4ter in die \u00fcberf\u00fcllte katholische St. John&#039;s Kirche eindrang. Mindestens 20 Menschen starben und 80 wurden verletzt, als am 15. M\u00e4rz 2015 in Youhanabad, dem christlichen Viertel von Lahore, Hauptstadt der pakistanischen Provinz Punjab, ein doppelter Selbstmordanschlag auf Gottesdienste in zwei Kirchen ver\u00fcbt wurde. Pater Francis Gulzar, der Generalvikar der Erzdi\u00f6zese Lahore, k\u00fcndigte am ersten Jahrestag des Terroranschlags den Beginn des Prozesses zur Heiligsprechung von Akash an. Seine Mutter sprach mit dem Hilfswerk Aid to the Church in Need International (ACN) \u00fcber ihre Trauer.\" \/>\n<meta property=\"og:url\" content=\"https:\/\/acninternational.org\/de\/katholische-familie-in-pakistan-betet-fuer-heiligsprechung-des-ermordeten-sohnes\/\" \/>\n<meta property=\"og:site_name\" content=\"ACN International\" \/>\n<meta property=\"article:publisher\" content=\"https:\/\/www.facebook.com\/acninternationalorg\" \/>\n<meta property=\"article:published_time\" content=\"2020-12-15T10:59:51+00:00\" \/>\n<meta property=\"article:modified_time\" content=\"2020-12-15T11:05:00+00:00\" \/>\n<meta property=\"og:image\" content=\"https:\/\/media.acninternational.org\/wp-content\/uploads\/2020\/12\/Akash-Bashir_Pakistan.jpg\" \/>\n\t<meta property=\"og:image:width\" content=\"1400\" \/>\n\t<meta property=\"og:image:height\" content=\"438\" \/>\n\t<meta property=\"og:image:type\" content=\"image\/jpeg\" \/>\n<meta name=\"author\" content=\"ACN Press Team\" \/>\n<meta name=\"twitter:card\" content=\"summary_large_image\" \/>\n<meta name=\"twitter:creator\" content=\"@acn_int\" \/>\n<meta name=\"twitter:site\" content=\"@acn_int\" \/>\n<meta name=\"twitter:label1\" content=\"Verfasst von\" \/>\n\t<meta name=\"twitter:data1\" content=\"ACN Press Team\" \/>\n\t<meta name=\"twitter:label2\" content=\"Gesch\u00e4tzte Lesezeit\" \/>\n\t<meta name=\"twitter:data2\" content=\"4\u00a0Minuten\" \/>\n<script type=\"application\/ld+json\" class=\"yoast-schema-graph\">{\"@context\":\"https:\\\/\\\/schema.org\",\"@graph\":[{\"@type\":\"Article\",\"@id\":\"https:\\\/\\\/acninternational.org\\\/de\\\/katholische-familie-in-pakistan-betet-fuer-heiligsprechung-des-ermordeten-sohnes\\\/#article\",\"isPartOf\":{\"@id\":\"https:\\\/\\\/acninternational.org\\\/de\\\/katholische-familie-in-pakistan-betet-fuer-heiligsprechung-des-ermordeten-sohnes\\\/\"},\"author\":{\"name\":\"ACN Press Team\",\"@id\":\"https:\\\/\\\/acninternational.org\\\/de\\\/#\\\/schema\\\/person\\\/7f3dafb236b242fb2aa46be1411fd703\"},\"headline\":\"Katholische Familie in Pakistan betet f\u00fcr Heiligsprechung des ermordeten Sohnes\",\"datePublished\":\"2020-12-15T10:59:51+00:00\",\"dateModified\":\"2020-12-15T11:05:00+00:00\",\"mainEntityOfPage\":{\"@id\":\"https:\\\/\\\/acninternational.org\\\/de\\\/katholische-familie-in-pakistan-betet-fuer-heiligsprechung-des-ermordeten-sohnes\\\/\"},\"wordCount\":731,\"publisher\":{\"@id\":\"https:\\\/\\\/acninternational.org\\\/de\\\/#organization\"},\"image\":{\"@id\":\"https:\\\/\\\/acninternational.org\\\/de\\\/katholische-familie-in-pakistan-betet-fuer-heiligsprechung-des-ermordeten-sohnes\\\/#primaryimage\"},\"thumbnailUrl\":\"https:\\\/\\\/media.acninternational.org\\\/wp-content\\\/uploads\\\/2020\\\/12\\\/Akash-Bashir_Pakistan.jpg\",\"articleSection\":[\"Unkategorisiert\"],\"inLanguage\":\"de\"},{\"@type\":\"WebPage\",\"@id\":\"https:\\\/\\\/acninternational.org\\\/de\\\/katholische-familie-in-pakistan-betet-fuer-heiligsprechung-des-ermordeten-sohnes\\\/\",\"url\":\"https:\\\/\\\/acninternational.org\\\/de\\\/katholische-familie-in-pakistan-betet-fuer-heiligsprechung-des-ermordeten-sohnes\\\/\",\"name\":\"Katholische Familie in Pakistan betet f\u00fcr Heiligsprechung des ermordeten Sohnes\",\"isPartOf\":{\"@id\":\"https:\\\/\\\/acninternational.org\\\/de\\\/#website\"},\"primaryImageOfPage\":{\"@id\":\"https:\\\/\\\/acninternational.org\\\/de\\\/katholische-familie-in-pakistan-betet-fuer-heiligsprechung-des-ermordeten-sohnes\\\/#primaryimage\"},\"image\":{\"@id\":\"https:\\\/\\\/acninternational.org\\\/de\\\/katholische-familie-in-pakistan-betet-fuer-heiligsprechung-des-ermordeten-sohnes\\\/#primaryimage\"},\"thumbnailUrl\":\"https:\\\/\\\/media.acninternational.org\\\/wp-content\\\/uploads\\\/2020\\\/12\\\/Akash-Bashir_Pakistan.jpg\",\"datePublished\":\"2020-12-15T10:59:51+00:00\",\"dateModified\":\"2020-12-15T11:05:00+00:00\",\"description\":\"Naz Bano betet seit 2016 f\u00fcr die Heiligsprechung ihres 20-j\u00e4hrigen Sohnes Akash Bashir, der get\u00f6tet wurde, als er verhinderte, dass ein Selbstmordattent\u00e4ter in die \u00fcberf\u00fcllte katholische St. John's Kirche eindrang. Mindestens 20 Menschen starben und 80 wurden verletzt, als am 15. M\u00e4rz 2015 in Youhanabad, dem christlichen Viertel von Lahore, Hauptstadt der pakistanischen Provinz Punjab, ein doppelter Selbstmordanschlag auf Gottesdienste in zwei Kirchen ver\u00fcbt wurde. Pater Francis Gulzar, der Generalvikar der Erzdi\u00f6zese Lahore, k\u00fcndigte am ersten Jahrestag des Terroranschlags den Beginn des Prozesses zur Heiligsprechung von Akash an. Seine Mutter sprach mit dem Hilfswerk Aid to the Church in Need International (ACN) \u00fcber ihre Trauer.\",\"breadcrumb\":{\"@id\":\"https:\\\/\\\/acninternational.org\\\/de\\\/katholische-familie-in-pakistan-betet-fuer-heiligsprechung-des-ermordeten-sohnes\\\/#breadcrumb\"},\"inLanguage\":\"de\",\"potentialAction\":[{\"@type\":\"ReadAction\",\"target\":[\"https:\\\/\\\/acninternational.org\\\/de\\\/katholische-familie-in-pakistan-betet-fuer-heiligsprechung-des-ermordeten-sohnes\\\/\"]}]},{\"@type\":\"ImageObject\",\"inLanguage\":\"de\",\"@id\":\"https:\\\/\\\/acninternational.org\\\/de\\\/katholische-familie-in-pakistan-betet-fuer-heiligsprechung-des-ermordeten-sohnes\\\/#primaryimage\",\"url\":\"https:\\\/\\\/media.acninternational.org\\\/wp-content\\\/uploads\\\/2020\\\/12\\\/Akash-Bashir_Pakistan.jpg\",\"contentUrl\":\"https:\\\/\\\/media.acninternational.org\\\/wp-content\\\/uploads\\\/2020\\\/12\\\/Akash-Bashir_Pakistan.jpg\",\"width\":1400,\"height\":438},{\"@type\":\"BreadcrumbList\",\"@id\":\"https:\\\/\\\/acninternational.org\\\/de\\\/katholische-familie-in-pakistan-betet-fuer-heiligsprechung-des-ermordeten-sohnes\\\/#breadcrumb\",\"itemListElement\":[{\"@type\":\"ListItem\",\"position\":1,\"name\":\"Home\",\"item\":\"https:\\\/\\\/acninternational.org\\\/de\\\/\"},{\"@type\":\"ListItem\",\"position\":2,\"name\":\"Nachricht\",\"item\":\"https:\\\/\\\/acninternational.org\\\/de\\\/category\\\/news-de\\\/\"},{\"@type\":\"ListItem\",\"position\":3,\"name\":\"Katholische Familie in Pakistan betet f\u00fcr Heiligsprechung des ermordeten Sohnes\"}]},{\"@type\":\"WebSite\",\"@id\":\"https:\\\/\\\/acninternational.org\\\/de\\\/#website\",\"url\":\"https:\\\/\\\/acninternational.org\\\/de\\\/\",\"name\":\"ACN International\",\"description\":\"\",\"publisher\":{\"@id\":\"https:\\\/\\\/acninternational.org\\\/de\\\/#organization\"},\"potentialAction\":[{\"@type\":\"SearchAction\",\"target\":{\"@type\":\"EntryPoint\",\"urlTemplate\":\"https:\\\/\\\/acninternational.org\\\/de\\\/?s={search_term_string}\"},\"query-input\":{\"@type\":\"PropertyValueSpecification\",\"valueRequired\":true,\"valueName\":\"search_term_string\"}}],\"inLanguage\":\"de\"},{\"@type\":\"Organization\",\"@id\":\"https:\\\/\\\/acninternational.org\\\/de\\\/#organization\",\"name\":\"Aid to the Church in Need International\",\"url\":\"https:\\\/\\\/acninternational.org\\\/de\\\/\",\"logo\":{\"@type\":\"ImageObject\",\"inLanguage\":\"de\",\"@id\":\"https:\\\/\\\/acninternational.org\\\/de\\\/#\\\/schema\\\/logo\\\/image\\\/\",\"url\":\"https:\\\/\\\/media.acninternational.org\\\/wp-content\\\/uploads\\\/2019\\\/11\\\/acn_logo_blackvector.svg\",\"contentUrl\":\"https:\\\/\\\/media.acninternational.org\\\/wp-content\\\/uploads\\\/2019\\\/11\\\/acn_logo_blackvector.svg\",\"width\":232.6,\"height\":78,\"caption\":\"Aid to the Church in Need International\"},\"image\":{\"@id\":\"https:\\\/\\\/acninternational.org\\\/de\\\/#\\\/schema\\\/logo\\\/image\\\/\"},\"sameAs\":[\"https:\\\/\\\/www.facebook.com\\\/acninternationalorg\",\"https:\\\/\\\/x.com\\\/acn_int\",\"https:\\\/\\\/www.youtube.com\\\/channel\\\/UCQ-077gS0TnVzkhHmf1opZw\",\"https:\\\/\\\/www.instagram.com\\\/acn_international\\\/\"]},{\"@type\":\"Person\",\"@id\":\"https:\\\/\\\/acninternational.org\\\/de\\\/#\\\/schema\\\/person\\\/7f3dafb236b242fb2aa46be1411fd703\",\"name\":\"ACN Press Team\",\"description\":\"Lorem ipsum dolor sit amet, consectetur adipiscing elit, sed do eiusmod tempor incididunt ut labore et dolore magna aliqua. Ut enim ad minim veniam, quis nostrud exercitation ullamco laboris nisi ut aliquip ex ea commodo consequat.\",\"url\":\"https:\\\/\\\/acninternational.org\\\/de\\\/author\\\/acn-press-team\\\/\"}]}<\/script>\n<!-- \/ Yoast SEO Premium plugin. -->","yoast_head_json":{"title":"Katholische Familie in Pakistan betet f\u00fcr Heiligsprechung des ermordeten Sohnes","description":"Naz Bano betet seit 2016 f\u00fcr die Heiligsprechung ihres 20-j\u00e4hrigen Sohnes Akash Bashir, der get\u00f6tet wurde, als er verhinderte, dass ein Selbstmordattent\u00e4ter in die \u00fcberf\u00fcllte katholische St. John's Kirche eindrang. Mindestens 20 Menschen starben und 80 wurden verletzt, als am 15. M\u00e4rz 2015 in Youhanabad, dem christlichen Viertel von Lahore, Hauptstadt der pakistanischen Provinz Punjab, ein doppelter Selbstmordanschlag auf Gottesdienste in zwei Kirchen ver\u00fcbt wurde. Pater Francis Gulzar, der Generalvikar der Erzdi\u00f6zese Lahore, k\u00fcndigte am ersten Jahrestag des Terroranschlags den Beginn des Prozesses zur Heiligsprechung von Akash an. Seine Mutter sprach mit dem Hilfswerk Aid to the Church in Need International (ACN) \u00fcber ihre Trauer.","robots":{"index":"index","follow":"follow","max-snippet":"max-snippet:-1","max-image-preview":"max-image-preview:large","max-video-preview":"max-video-preview:-1"},"canonical":"https:\/\/acninternational.org\/de\/katholische-familie-in-pakistan-betet-fuer-heiligsprechung-des-ermordeten-sohnes\/","og_locale":"de_DE","og_type":"article","og_title":"Katholische Familie in Pakistan betet f\u00fcr Heiligsprechung des ermordeten Sohnes","og_description":"Naz Bano betet seit 2016 f\u00fcr die Heiligsprechung ihres 20-j\u00e4hrigen Sohnes Akash Bashir, der get\u00f6tet wurde, als er verhinderte, dass ein Selbstmordattent\u00e4ter in die \u00fcberf\u00fcllte katholische St. John's Kirche eindrang. Mindestens 20 Menschen starben und 80 wurden verletzt, als am 15. M\u00e4rz 2015 in Youhanabad, dem christlichen Viertel von Lahore, Hauptstadt der pakistanischen Provinz Punjab, ein doppelter Selbstmordanschlag auf Gottesdienste in zwei Kirchen ver\u00fcbt wurde. Pater Francis Gulzar, der Generalvikar der Erzdi\u00f6zese Lahore, k\u00fcndigte am ersten Jahrestag des Terroranschlags den Beginn des Prozesses zur Heiligsprechung von Akash an. Seine Mutter sprach mit dem Hilfswerk Aid to the Church in Need International (ACN) \u00fcber ihre Trauer.","og_url":"https:\/\/acninternational.org\/de\/katholische-familie-in-pakistan-betet-fuer-heiligsprechung-des-ermordeten-sohnes\/","og_site_name":"ACN International","article_publisher":"https:\/\/www.facebook.com\/acninternationalorg","article_published_time":"2020-12-15T10:59:51+00:00","article_modified_time":"2020-12-15T11:05:00+00:00","og_image":[{"width":1400,"height":438,"url":"https:\/\/media.acninternational.org\/wp-content\/uploads\/2020\/12\/Akash-Bashir_Pakistan.jpg","type":"image\/jpeg"}],"author":"ACN Press Team","twitter_card":"summary_large_image","twitter_creator":"@acn_int","twitter_site":"@acn_int","twitter_misc":{"Verfasst von":"ACN Press Team","Gesch\u00e4tzte Lesezeit":"4\u00a0Minuten"},"schema":{"@context":"https:\/\/schema.org","@graph":[{"@type":"Article","@id":"https:\/\/acninternational.org\/de\/katholische-familie-in-pakistan-betet-fuer-heiligsprechung-des-ermordeten-sohnes\/#article","isPartOf":{"@id":"https:\/\/acninternational.org\/de\/katholische-familie-in-pakistan-betet-fuer-heiligsprechung-des-ermordeten-sohnes\/"},"author":{"name":"ACN Press Team","@id":"https:\/\/acninternational.org\/de\/#\/schema\/person\/7f3dafb236b242fb2aa46be1411fd703"},"headline":"Katholische Familie in Pakistan betet f\u00fcr Heiligsprechung des ermordeten Sohnes","datePublished":"2020-12-15T10:59:51+00:00","dateModified":"2020-12-15T11:05:00+00:00","mainEntityOfPage":{"@id":"https:\/\/acninternational.org\/de\/katholische-familie-in-pakistan-betet-fuer-heiligsprechung-des-ermordeten-sohnes\/"},"wordCount":731,"publisher":{"@id":"https:\/\/acninternational.org\/de\/#organization"},"image":{"@id":"https:\/\/acninternational.org\/de\/katholische-familie-in-pakistan-betet-fuer-heiligsprechung-des-ermordeten-sohnes\/#primaryimage"},"thumbnailUrl":"https:\/\/media.acninternational.org\/wp-content\/uploads\/2020\/12\/Akash-Bashir_Pakistan.jpg","articleSection":["Unkategorisiert"],"inLanguage":"de"},{"@type":"WebPage","@id":"https:\/\/acninternational.org\/de\/katholische-familie-in-pakistan-betet-fuer-heiligsprechung-des-ermordeten-sohnes\/","url":"https:\/\/acninternational.org\/de\/katholische-familie-in-pakistan-betet-fuer-heiligsprechung-des-ermordeten-sohnes\/","name":"Katholische Familie in Pakistan betet f\u00fcr Heiligsprechung des ermordeten Sohnes","isPartOf":{"@id":"https:\/\/acninternational.org\/de\/#website"},"primaryImageOfPage":{"@id":"https:\/\/acninternational.org\/de\/katholische-familie-in-pakistan-betet-fuer-heiligsprechung-des-ermordeten-sohnes\/#primaryimage"},"image":{"@id":"https:\/\/acninternational.org\/de\/katholische-familie-in-pakistan-betet-fuer-heiligsprechung-des-ermordeten-sohnes\/#primaryimage"},"thumbnailUrl":"https:\/\/media.acninternational.org\/wp-content\/uploads\/2020\/12\/Akash-Bashir_Pakistan.jpg","datePublished":"2020-12-15T10:59:51+00:00","dateModified":"2020-12-15T11:05:00+00:00","description":"Naz Bano betet seit 2016 f\u00fcr die Heiligsprechung ihres 20-j\u00e4hrigen Sohnes Akash Bashir, der get\u00f6tet wurde, als er verhinderte, dass ein Selbstmordattent\u00e4ter in die \u00fcberf\u00fcllte katholische St. John's Kirche eindrang. Mindestens 20 Menschen starben und 80 wurden verletzt, als am 15. M\u00e4rz 2015 in Youhanabad, dem christlichen Viertel von Lahore, Hauptstadt der pakistanischen Provinz Punjab, ein doppelter Selbstmordanschlag auf Gottesdienste in zwei Kirchen ver\u00fcbt wurde. Pater Francis Gulzar, der Generalvikar der Erzdi\u00f6zese Lahore, k\u00fcndigte am ersten Jahrestag des Terroranschlags den Beginn des Prozesses zur Heiligsprechung von Akash an. Seine Mutter sprach mit dem Hilfswerk Aid to the Church in Need International (ACN) \u00fcber ihre Trauer.","breadcrumb":{"@id":"https:\/\/acninternational.org\/de\/katholische-familie-in-pakistan-betet-fuer-heiligsprechung-des-ermordeten-sohnes\/#breadcrumb"},"inLanguage":"de","potentialAction":[{"@type":"ReadAction","target":["https:\/\/acninternational.org\/de\/katholische-familie-in-pakistan-betet-fuer-heiligsprechung-des-ermordeten-sohnes\/"]}]},{"@type":"ImageObject","inLanguage":"de","@id":"https:\/\/acninternational.org\/de\/katholische-familie-in-pakistan-betet-fuer-heiligsprechung-des-ermordeten-sohnes\/#primaryimage","url":"https:\/\/media.acninternational.org\/wp-content\/uploads\/2020\/12\/Akash-Bashir_Pakistan.jpg","contentUrl":"https:\/\/media.acninternational.org\/wp-content\/uploads\/2020\/12\/Akash-Bashir_Pakistan.jpg","width":1400,"height":438},{"@type":"BreadcrumbList","@id":"https:\/\/acninternational.org\/de\/katholische-familie-in-pakistan-betet-fuer-heiligsprechung-des-ermordeten-sohnes\/#breadcrumb","itemListElement":[{"@type":"ListItem","position":1,"name":"Home","item":"https:\/\/acninternational.org\/de\/"},{"@type":"ListItem","position":2,"name":"Nachricht","item":"https:\/\/acninternational.org\/de\/category\/news-de\/"},{"@type":"ListItem","position":3,"name":"Katholische Familie in Pakistan betet f\u00fcr Heiligsprechung des ermordeten Sohnes"}]},{"@type":"WebSite","@id":"https:\/\/acninternational.org\/de\/#website","url":"https:\/\/acninternational.org\/de\/","name":"ACN International","description":"","publisher":{"@id":"https:\/\/acninternational.org\/de\/#organization"},"potentialAction":[{"@type":"SearchAction","target":{"@type":"EntryPoint","urlTemplate":"https:\/\/acninternational.org\/de\/?s={search_term_string}"},"query-input":{"@type":"PropertyValueSpecification","valueRequired":true,"valueName":"search_term_string"}}],"inLanguage":"de"},{"@type":"Organization","@id":"https:\/\/acninternational.org\/de\/#organization","name":"Aid to the Church in Need International","url":"https:\/\/acninternational.org\/de\/","logo":{"@type":"ImageObject","inLanguage":"de","@id":"https:\/\/acninternational.org\/de\/#\/schema\/logo\/image\/","url":"https:\/\/media.acninternational.org\/wp-content\/uploads\/2019\/11\/acn_logo_blackvector.svg","contentUrl":"https:\/\/media.acninternational.org\/wp-content\/uploads\/2019\/11\/acn_logo_blackvector.svg","width":232.6,"height":78,"caption":"Aid to the Church in Need International"},"image":{"@id":"https:\/\/acninternational.org\/de\/#\/schema\/logo\/image\/"},"sameAs":["https:\/\/www.facebook.com\/acninternationalorg","https:\/\/x.com\/acn_int","https:\/\/www.youtube.com\/channel\/UCQ-077gS0TnVzkhHmf1opZw","https:\/\/www.instagram.com\/acn_international\/"]},{"@type":"Person","@id":"https:\/\/acninternational.org\/de\/#\/schema\/person\/7f3dafb236b242fb2aa46be1411fd703","name":"ACN Press Team","description":"Lorem ipsum dolor sit amet, consectetur adipiscing elit, sed do eiusmod tempor incididunt ut labore et dolore magna aliqua. Ut enim ad minim veniam, quis nostrud exercitation ullamco laboris nisi ut aliquip ex ea commodo consequat.","url":"https:\/\/acninternational.org\/de\/author\/acn-press-team\/"}]}},"_links":{"self":[{"href":"https:\/\/acninternational.org\/de\/wp-json\/wp\/v2\/posts\/145771","targetHints":{"allow":["GET"]}}],"collection":[{"href":"https:\/\/acninternational.org\/de\/wp-json\/wp\/v2\/posts"}],"about":[{"href":"https:\/\/acninternational.org\/de\/wp-json\/wp\/v2\/types\/post"}],"author":[{"embeddable":true,"href":"https:\/\/acninternational.org\/de\/wp-json\/wp\/v2\/users\/4258341447"}],"replies":[{"embeddable":true,"href":"https:\/\/acninternational.org\/de\/wp-json\/wp\/v2\/comments?post=145771"}],"version-history":[{"count":0,"href":"https:\/\/acninternational.org\/de\/wp-json\/wp\/v2\/posts\/145771\/revisions"}],"wp:featuredmedia":[{"embeddable":true,"href":"https:\/\/acninternational.org\/de\/wp-json\/wp\/v2\/media\/145763"}],"wp:attachment":[{"href":"https:\/\/acninternational.org\/de\/wp-json\/wp\/v2\/media?parent=145771"}],"wp:term":[{"taxonomy":"category","embeddable":true,"href":"https:\/\/acninternational.org\/de\/wp-json\/wp\/v2\/categories?post=145771"},{"taxonomy":"post_tag","embeddable":true,"href":"https:\/\/acninternational.org\/de\/wp-json\/wp\/v2\/tags?post=145771"},{"taxonomy":"country","embeddable":true,"href":"https:\/\/acninternational.org\/de\/wp-json\/wp\/v2\/country?post=145771"}],"curies":[{"name":"wp","href":"https:\/\/api.w.org\/{rel}","templated":true}]}}