{"id":144035,"date":"2020-10-23T10:40:59","date_gmt":"2020-10-23T08:40:59","guid":{"rendered":"https:\/\/acninternational.org\/?p=144035"},"modified":"2020-10-23T10:53:46","modified_gmt":"2020-10-23T08:53:46","slug":"feuer-und-vandalismus-die-endlose-tragoedie-zweier-denkmalgeschuetzter-kirchen-in-santiago","status":"publish","type":"post","link":"https:\/\/acninternational.org\/de\/feuer-und-vandalismus-die-endlose-tragoedie-zweier-denkmalgeschuetzter-kirchen-in-santiago\/","title":{"rendered":"Feuer und Vandalismus: die endlose Trag\u00f6die zweier denkmalgesch\u00fctzter Kirchen in Santiago"},"content":{"rendered":"<p>In der im Stadtzentrum gelegenen Pfarreikirche La Asunci\u00f3n liegt Brandgeruch in der Luft und \u00fcberall ist Asche. Vom Boden des Hauptschiffes aus kann man die Wolken sehen, die Decke ist v\u00f6llig zerst\u00f6rt. Der Glockenturm, der bislang das Bild des Viertels pr\u00e4gte, fehlt ebenfalls. Die beiden Glocken fielen aus der H\u00f6he, als der Turm einst\u00fcrzte; die eine wurde zerst\u00f6rt, die andere konnte aus den Tr\u00fcmmern gerettet werden. B\u00e4nke und Alt\u00e4re wurden bereits im Zuge der Proteste im vergangenen Jahr verbrannt und zerst\u00f6rt. Nach den Anschl\u00e4gen im Jahr 2019 waren die T\u00fcren und die Glasfenster mit Messing beziehungsweise Schutzblech verkleidet worden, aber das reichte nicht aus.<\/p>\n<figure id=\"attachment_144007\" aria-describedby=\"caption-attachment-144007\" style=\"width: 670px\" class=\"wp-caption alignnone\"><img loading=\"lazy\" decoding=\"async\" class=\"wp-image-144007 size-full\" src=\"https:\/\/media.acninternational.org\/wp-content\/uploads\/2020\/10\/acn_chile_Arson-and-vandalism-the-continuing-tragedy-of-two-iconic-churches-in-Santiago-2.jpg\" alt=\"Vom Boden des Hauptschiffes aus kann man die Wolken sehen, die Decke ist v\u00f6llig zerst\u00f6rt.\" width=\"670\" height=\"400\" srcset=\"https:\/\/media.acninternational.org\/wp-content\/uploads\/2020\/10\/acn_chile_Arson-and-vandalism-the-continuing-tragedy-of-two-iconic-churches-in-Santiago-2.jpg 670w, https:\/\/media.acninternational.org\/wp-content\/uploads\/2020\/10\/acn_chile_Arson-and-vandalism-the-continuing-tragedy-of-two-iconic-churches-in-Santiago-2-300x179.jpg 300w\" sizes=\"auto, (max-width: 670px) 100vw, 670px\" \/><figcaption id=\"caption-attachment-144007\" class=\"wp-caption-text\">Vom Boden des Hauptschiffes aus kann man die Wolken sehen, die Decke ist v\u00f6llig zerst\u00f6rt.<\/figcaption><\/figure>\n<p>Letzte Woche fand in der hundertj\u00e4hrigen Kirche ein Treffen statt, bei dem die Pl\u00e4ne f\u00fcr den Beginn der Arbeiten koordiniert und festgelegt werden sollte, am 8. November 2020 das Datum f\u00fcr den Beginn der Renovierungsarbeiten bekanntzugeben. Die alten Pl\u00e4ne der Kirche waren bereits vorhanden, sie waren von der Stadtverwaltung Santiago zur Verf\u00fcgung gestellt worden, ebenso historische Studien und Baustudien.<\/p>\n<p>Die Atmosph\u00e4re war angespannt. W\u00e4hrend des ganzen Jahres 2020 wurden in und an der Kirche weiterhin immer wieder Drohungen an die W\u00e4nde geritzt. \u201eAufgrund ihrer Lage, nur wenige Meter von der Piazza Baquedano entfernt, herrschte in der Gemeinde ein st\u00e4ndiges Gef\u00fchl der Unsicherheit, auch w\u00e4hrend der Quarant\u00e4ne. Seit 2019 werden an den W\u00e4nden innen und au\u00dfen Slogans gegen die Kirche und die Priester geritzt, etwa die Parole: \u201aWir wollen sie brennen sehen\u2019\u201c, so Maria de los Angeles Covarrubias, Pr\u00e4sidentin des Hilfswerks ACN in Chile, das aufgrund ihres Glaubens verfolgte oder notleidende Christen in aller Welt unterst\u00fctzt.<\/p>\n<figure id=\"attachment_143896\" aria-describedby=\"caption-attachment-143896\" style=\"width: 670px\" class=\"wp-caption alignnone\"><img loading=\"lazy\" decoding=\"async\" class=\"wp-image-143896 size-full\" src=\"https:\/\/media.acninternational.org\/wp-content\/uploads\/2020\/10\/acn_new_two-churches-set-in-fire-in-Santiago-de-Chile-2.jpg\" alt=\"an den W\u00e4nden innen und au\u00dfen Slogans gegen die Kirche und die Priester geritzt, etwa die Parole: \u201aWir wollen sie brennen sehen\u2019\" width=\"670\" height=\"400\" srcset=\"https:\/\/media.acninternational.org\/wp-content\/uploads\/2020\/10\/acn_new_two-churches-set-in-fire-in-Santiago-de-Chile-2.jpg 670w, https:\/\/media.acninternational.org\/wp-content\/uploads\/2020\/10\/acn_new_two-churches-set-in-fire-in-Santiago-de-Chile-2-300x179.jpg 300w\" sizes=\"auto, (max-width: 670px) 100vw, 670px\" \/><figcaption id=\"caption-attachment-143896\" class=\"wp-caption-text\">An den W\u00e4nden innen und au\u00dfen Slogans gegen die Kirche und die Priester geritzt, etwa die Parole: \u201aWir wollen sie brennen sehen\u2019<\/figcaption><\/figure>\n<p>\u201eEine durch Brandstiftung zerst\u00f6rte Kirche zu sehen, tut in der Seele weh\u201c, f\u00fcgt Covarrubias hinzu. \u201eEs zeigt, wie tief unsere Gesellschaft zerrissen ist. kleine Gruppen haben das Gef\u00fchl, im Besitz der Wahrheit zu sein und deshalb das Recht zu haben, Orte zu zerst\u00f6ren, die den Glauben einer Gemeinschaft repr\u00e4sentieren, und diese Zerst\u00f6rung zu feiern. Die Unvernunft und der Hass, die wir gesehen haben, sind ein Angriff auf ein grundlegendes Menschenrecht, die Religionsfreiheit. Gewalt hat in einer Gesellschaft, die sich selbst als demokratisch bezeichnet, keinen Platz.\u201c<\/p>\n<p>Der Pfarrer der Kirche, Pedro Narbona, berichtet, dass er immer noch ersch\u00fcttert sei von der \u201erauschhaften Feier, als am Sonntag der Turm des Gotteshauses fiel. Ich erinnerte mich dabei daran, wie im November 2019 die Statue der Muttergottes an der Vorderseite der Kirche enthauptet wurde. Es schmerzt mich, dass die Gemeinde nun keinen Ort mehr hat, an dem sie sich treffen kann. Der kleine Raum, den wir daf\u00fcr genutzt haben, wurde v\u00f6llig verw\u00fcstet. Die Kirche hier hat eine lebendige Geschichte, die \u00fcber ihre Mauern hinausgeht. Es ist die Gottesbeziehung vieler Menschen, die zum Beten kamen, die hier ihre Kinder tauften, hier heirateten, und sich von ihren Toten verabschiedeten.\u201c<\/p>\n<figure id=\"attachment_144019\" aria-describedby=\"caption-attachment-144019\" style=\"width: 670px\" class=\"wp-caption alignnone\"><img loading=\"lazy\" decoding=\"async\" class=\"wp-image-144019 size-full\" src=\"https:\/\/media.acninternational.org\/wp-content\/uploads\/2020\/10\/acn_chile_Arson-and-vandalism-the-continuing-tragedy-of-two-iconic-churches-in-Santiago-4.jpg\" alt=\"Der Pfarrer der Kirche, Pedro Narbona\" width=\"670\" height=\"400\" srcset=\"https:\/\/media.acninternational.org\/wp-content\/uploads\/2020\/10\/acn_chile_Arson-and-vandalism-the-continuing-tragedy-of-two-iconic-churches-in-Santiago-4.jpg 670w, https:\/\/media.acninternational.org\/wp-content\/uploads\/2020\/10\/acn_chile_Arson-and-vandalism-the-continuing-tragedy-of-two-iconic-churches-in-Santiago-4-300x179.jpg 300w\" sizes=\"auto, (max-width: 670px) 100vw, 670px\" \/><figcaption id=\"caption-attachment-144019\" class=\"wp-caption-text\">Der Pfarrer der Kirche, Pedro Narbona<\/figcaption><\/figure>\n<p>Die Direktorin von ACN Chile, Magdalena Lira, erkl\u00e4rt, dass \u201esich seit dem ersten gewaltsamen Angriff am 8. November 2019 Pfarrer Pedro Narbona und ACN zusammengetan haben, um Geld f\u00fcr die Restaurierung der Kirche zu sammeln. Wir arbeiteten mit einem Team von Fachleuten an der Feinabstimmung des Projekts. Am 8. November, ein Jahr nach dem ersten Angriff, wollte der Pfarrer den Beginn der Arbeiten bekannt geben. Unsere Pl\u00e4ne wurden zunichte gemacht.\u201c<\/p>\n<p>Zum Projekt geh\u00f6rte der Ersatz des Kirchenmobiliars (Altar, Kirchenb\u00e4nke, Heiligenbilder), das Ende 2019 verbrannt, zerst\u00f6rt und f\u00fcr Barrikaden verwendet wurde. \u201eAu\u00dferdem sollten Beleuchtung, Malereien sowie die Wand- und Deckenverkleidungen wiederhergestellt werden. Besonders wichtig waren die Sicherheitsma\u00dfnahmen f\u00fcr die ganze Fassade, insbesondere f\u00fcr die vier T\u00fcren und die Fenster\u201c, so Lira.<\/p>\n<p>Trotz der beunruhigenden Lage soll die Kirche gerettet und die Kraft dazu auch aus der gegenw\u00e4rtigen Niedergeschlagenheit gesch\u00f6pft werden. Wenigstens stehen die L\u00e4ngsw\u00e4nde noch \u2013 allerdings ist noch nichts Genaues \u00fcber ihren Zustand bekannt. \u201eDie Gl\u00e4ubigen brauchen einen w\u00fcrdigen Ort, um sich mit Gott zu treffen, die Sakramente zu feiern und sich zu versammeln. Es geht nicht nur um Bauten, die teilweise denkmalgesch\u00fctzt sind. Diese Geb\u00e4ude bewahren die Geschichte einer Gemeinschaft\u201c, berichtet Covarrubias. Nach dem Erdbeben 2010 errichtete ACN Chile 45 Notkapellen, und restaurierte neun chilenische Kirchen, die durch die Erdbeben 2005 und 2010 besch\u00e4digt worden waren. \u201eAber vor einigen Jahren konnten wir uns nicht vorstellen, dass wir Kirchen in Chile aufgrund von Intoleranz w\u00fcrden brennen sehen\u201c, so Covarrubias.<\/p>\n<figure id=\"attachment_144013\" aria-describedby=\"caption-attachment-144013\" style=\"width: 670px\" class=\"wp-caption alignnone\"><img loading=\"lazy\" decoding=\"async\" class=\"wp-image-144013 size-full\" src=\"https:\/\/media.acninternational.org\/wp-content\/uploads\/2020\/10\/acn_chile_Arson-and-vandalism-the-continuing-tragedy-of-two-iconic-churches-in-Santiago-3.jpg\" alt=\"Pfarreikirche La Asunci\u00f3n: die beiden Glocken fielen aus der H\u00f6he, als der Turm einst\u00fcrzte\" width=\"670\" height=\"400\" srcset=\"https:\/\/media.acninternational.org\/wp-content\/uploads\/2020\/10\/acn_chile_Arson-and-vandalism-the-continuing-tragedy-of-two-iconic-churches-in-Santiago-3.jpg 670w, https:\/\/media.acninternational.org\/wp-content\/uploads\/2020\/10\/acn_chile_Arson-and-vandalism-the-continuing-tragedy-of-two-iconic-churches-in-Santiago-3-300x179.jpg 300w\" sizes=\"auto, (max-width: 670px) 100vw, 670px\" \/><figcaption id=\"caption-attachment-144013\" class=\"wp-caption-text\">Pfarreikirche La Asunci\u00f3n: die beiden Glocken fielen aus der H\u00f6he, als der Turm einst\u00fcrzte<\/figcaption><\/figure>\n<p>Der Dekan der Architektur-Fakult\u00e4t an der UDD (\u201eUniversidad del Desarrollo\u201c) Pablo Allard hat eine pers\u00f6nliche Beziehung zur Kirche: Seine Mutter Ang\u00e9lica Serrano hatte ihr ein von ihr selbst gemaltes Bild geschenkt. \u201eMeiner Meinung nach sind Kirchen \u00fcber die Konfession hinaus Werke, die von der Kraft des Glaubensgeheimnisses und von der Suche der Menschen nach Transzendenz jenseits des Materiellen zeugen. Sie sind im Wesentlichen Orte der Gemeinschaft. Sie bringen nicht nur die Liturgie des Wortes zu den Gl\u00e4ubigen. Sie sind auch Brennpunkte der Hilfe und Unterst\u00fctzung f\u00fcr die Schw\u00e4chsten sowie Teil unseres materiellen und immateriellen Erbes. Trotz knapper Mittel sollte meines Erachtens der Wiederaufbau dieser Kirchen als ein Werk der Wiedergutmachung und des Engagements f\u00fcr den sozialen Frieden betrachtet werden\u201c, so der Architekt und Stadtplaner.<\/p>\n<p>Der renommierte Fotograf und Dokumentarfilmer Pablo Valenzuela Vaillant war am Sonntag vor Ort, um die Br\u00e4nde zu fotografieren. Gestern besuchte er die Ruinen der beiden Kirchen. Er war sehr ber\u00fchrt. \u201eNach dem Beginn der sozialen Unruhen begann ich, mich als Fotograf auf die Plaza Italia und ihre Umgebung zu konzentrierten. Es ist eine urbane Aufzeichnung der Gegend geworden mit Fotos, die zu verschiedenen Zeitpunkten aufgenommen wurden\u201c, erkl\u00e4rt er. \u201eDiese beiden brennenden Kirchen zu sehen und zu fotografieren, veranlasst mich zu einem Appell \u00fcber politische oder sonstige Grenzen hinweg: Wir sollen uns vereinen und unser Natur- und Kulturerbe zum Wohle der gegenw\u00e4rtigen und k\u00fcnftiger Generationen bewahren.\u201c<\/p>\n","protected":false},"excerpt":{"rendered":"<p>The embers are still smouldering, and you can smell the smoke of burning in the centrally situated church of the<\/p>\n","protected":false},"author":66,"featured_media":144027,"comment_status":"closed","ping_status":"closed","sticky":false,"template":"","format":"standard","meta":{"_acf_changed":false,"_acn_coauthor_ids":[],"footnotes":""},"categories":[234],"tags":[],"country":[764],"class_list":["post-144035","post","type-post","status-publish","format-standard","has-post-thumbnail","hentry","category-unkategorisiert","country-chile"],"acn_coauthors":[],"acf":[],"yoast_head":"<!-- This site is optimized with the Yoast SEO Premium plugin v27.3 (Yoast SEO v27.3) - https:\/\/yoast.com\/product\/yoast-seo-premium-wordpress\/ -->\n<title>Feuer und Vandalismus: die endlose Trag\u00f6die zweier denkmalgesch\u00fctzter Kirchen in Santiago | ACN International<\/title>\n<meta name=\"robots\" content=\"index, follow, max-snippet:-1, max-image-preview:large, max-video-preview:-1\" \/>\n<link rel=\"canonical\" href=\"https:\/\/acninternational.org\/de\/feuer-und-vandalismus-die-endlose-tragoedie-zweier-denkmalgeschuetzter-kirchen-in-santiago\/\" \/>\n<meta property=\"og:locale\" content=\"de_DE\" \/>\n<meta property=\"og:type\" content=\"article\" \/>\n<meta property=\"og:title\" content=\"Feuer und Vandalismus: die endlose Trag\u00f6die zweier denkmalgesch\u00fctzter Kirchen in Santiago\" \/>\n<meta property=\"og:description\" content=\"The embers are still smouldering, and you can smell the smoke of burning in the centrally situated church of the\" \/>\n<meta property=\"og:url\" content=\"https:\/\/acninternational.org\/de\/feuer-und-vandalismus-die-endlose-tragoedie-zweier-denkmalgeschuetzter-kirchen-in-santiago\/\" \/>\n<meta property=\"og:site_name\" content=\"ACN International\" \/>\n<meta property=\"article:publisher\" content=\"https:\/\/www.facebook.com\/acninternationalorg\" \/>\n<meta property=\"article:published_time\" content=\"2020-10-23T08:40:59+00:00\" \/>\n<meta property=\"article:modified_time\" content=\"2020-10-23T08:53:46+00:00\" \/>\n<meta property=\"og:image\" content=\"https:\/\/media.acninternational.org\/wp-content\/uploads\/2020\/10\/acn_chile_Arson-and-vandalism-the-continuing-tragedy-of-two-iconic-churches-in-Santiago.jpg\" \/>\n\t<meta property=\"og:image:width\" content=\"2000\" \/>\n\t<meta property=\"og:image:height\" content=\"625\" \/>\n\t<meta property=\"og:image:type\" content=\"image\/jpeg\" \/>\n<meta name=\"author\" content=\"Milena\" \/>\n<meta name=\"twitter:card\" content=\"summary_large_image\" \/>\n<meta name=\"twitter:creator\" content=\"@acn_int\" \/>\n<meta name=\"twitter:site\" content=\"@acn_int\" \/>\n<meta name=\"twitter:label1\" content=\"Verfasst von\" \/>\n\t<meta name=\"twitter:data1\" content=\"Milena\" \/>\n\t<meta name=\"twitter:label2\" content=\"Gesch\u00e4tzte Lesezeit\" \/>\n\t<meta name=\"twitter:data2\" content=\"5\u00a0Minuten\" \/>\n<script type=\"application\/ld+json\" class=\"yoast-schema-graph\">{\"@context\":\"https:\\\/\\\/schema.org\",\"@graph\":[{\"@type\":\"Article\",\"@id\":\"https:\\\/\\\/acninternational.org\\\/de\\\/feuer-und-vandalismus-die-endlose-tragoedie-zweier-denkmalgeschuetzter-kirchen-in-santiago\\\/#article\",\"isPartOf\":{\"@id\":\"https:\\\/\\\/acninternational.org\\\/de\\\/feuer-und-vandalismus-die-endlose-tragoedie-zweier-denkmalgeschuetzter-kirchen-in-santiago\\\/\"},\"author\":{\"name\":\"Milena\",\"@id\":\"https:\\\/\\\/acninternational.org\\\/de\\\/#\\\/schema\\\/person\\\/5a2b2930ad4475e0aa0dade4e51d9474\"},\"headline\":\"Feuer und Vandalismus: die endlose Trag\u00f6die zweier denkmalgesch\u00fctzter Kirchen in Santiago\",\"datePublished\":\"2020-10-23T08:40:59+00:00\",\"dateModified\":\"2020-10-23T08:53:46+00:00\",\"mainEntityOfPage\":{\"@id\":\"https:\\\/\\\/acninternational.org\\\/de\\\/feuer-und-vandalismus-die-endlose-tragoedie-zweier-denkmalgeschuetzter-kirchen-in-santiago\\\/\"},\"wordCount\":1085,\"publisher\":{\"@id\":\"https:\\\/\\\/acninternational.org\\\/de\\\/#organization\"},\"image\":{\"@id\":\"https:\\\/\\\/acninternational.org\\\/de\\\/feuer-und-vandalismus-die-endlose-tragoedie-zweier-denkmalgeschuetzter-kirchen-in-santiago\\\/#primaryimage\"},\"thumbnailUrl\":\"https:\\\/\\\/media.acninternational.org\\\/wp-content\\\/uploads\\\/2020\\\/10\\\/acn_chile_Arson-and-vandalism-the-continuing-tragedy-of-two-iconic-churches-in-Santiago.jpg\",\"articleSection\":[\"Unkategorisiert\"],\"inLanguage\":\"de\"},{\"@type\":\"WebPage\",\"@id\":\"https:\\\/\\\/acninternational.org\\\/de\\\/feuer-und-vandalismus-die-endlose-tragoedie-zweier-denkmalgeschuetzter-kirchen-in-santiago\\\/\",\"url\":\"https:\\\/\\\/acninternational.org\\\/de\\\/feuer-und-vandalismus-die-endlose-tragoedie-zweier-denkmalgeschuetzter-kirchen-in-santiago\\\/\",\"name\":\"Feuer und Vandalismus: die endlose Trag\u00f6die zweier denkmalgesch\u00fctzter Kirchen in Santiago | ACN International\",\"isPartOf\":{\"@id\":\"https:\\\/\\\/acninternational.org\\\/de\\\/#website\"},\"primaryImageOfPage\":{\"@id\":\"https:\\\/\\\/acninternational.org\\\/de\\\/feuer-und-vandalismus-die-endlose-tragoedie-zweier-denkmalgeschuetzter-kirchen-in-santiago\\\/#primaryimage\"},\"image\":{\"@id\":\"https:\\\/\\\/acninternational.org\\\/de\\\/feuer-und-vandalismus-die-endlose-tragoedie-zweier-denkmalgeschuetzter-kirchen-in-santiago\\\/#primaryimage\"},\"thumbnailUrl\":\"https:\\\/\\\/media.acninternational.org\\\/wp-content\\\/uploads\\\/2020\\\/10\\\/acn_chile_Arson-and-vandalism-the-continuing-tragedy-of-two-iconic-churches-in-Santiago.jpg\",\"datePublished\":\"2020-10-23T08:40:59+00:00\",\"dateModified\":\"2020-10-23T08:53:46+00:00\",\"breadcrumb\":{\"@id\":\"https:\\\/\\\/acninternational.org\\\/de\\\/feuer-und-vandalismus-die-endlose-tragoedie-zweier-denkmalgeschuetzter-kirchen-in-santiago\\\/#breadcrumb\"},\"inLanguage\":\"de\",\"potentialAction\":[{\"@type\":\"ReadAction\",\"target\":[\"https:\\\/\\\/acninternational.org\\\/de\\\/feuer-und-vandalismus-die-endlose-tragoedie-zweier-denkmalgeschuetzter-kirchen-in-santiago\\\/\"]}]},{\"@type\":\"ImageObject\",\"inLanguage\":\"de\",\"@id\":\"https:\\\/\\\/acninternational.org\\\/de\\\/feuer-und-vandalismus-die-endlose-tragoedie-zweier-denkmalgeschuetzter-kirchen-in-santiago\\\/#primaryimage\",\"url\":\"https:\\\/\\\/media.acninternational.org\\\/wp-content\\\/uploads\\\/2020\\\/10\\\/acn_chile_Arson-and-vandalism-the-continuing-tragedy-of-two-iconic-churches-in-Santiago.jpg\",\"contentUrl\":\"https:\\\/\\\/media.acninternational.org\\\/wp-content\\\/uploads\\\/2020\\\/10\\\/acn_chile_Arson-and-vandalism-the-continuing-tragedy-of-two-iconic-churches-in-Santiago.jpg\",\"width\":2000,\"height\":625},{\"@type\":\"BreadcrumbList\",\"@id\":\"https:\\\/\\\/acninternational.org\\\/de\\\/feuer-und-vandalismus-die-endlose-tragoedie-zweier-denkmalgeschuetzter-kirchen-in-santiago\\\/#breadcrumb\",\"itemListElement\":[{\"@type\":\"ListItem\",\"position\":1,\"name\":\"Home\",\"item\":\"https:\\\/\\\/acninternational.org\\\/de\\\/\"},{\"@type\":\"ListItem\",\"position\":2,\"name\":\"FEATURED\",\"item\":\"https:\\\/\\\/acninternational.org\\\/de\\\/category\\\/featured-de\\\/\"},{\"@type\":\"ListItem\",\"position\":3,\"name\":\"Feuer und Vandalismus: die endlose Trag\u00f6die zweier denkmalgesch\u00fctzter Kirchen in Santiago\"}]},{\"@type\":\"WebSite\",\"@id\":\"https:\\\/\\\/acninternational.org\\\/de\\\/#website\",\"url\":\"https:\\\/\\\/acninternational.org\\\/de\\\/\",\"name\":\"ACN International\",\"description\":\"\",\"publisher\":{\"@id\":\"https:\\\/\\\/acninternational.org\\\/de\\\/#organization\"},\"potentialAction\":[{\"@type\":\"SearchAction\",\"target\":{\"@type\":\"EntryPoint\",\"urlTemplate\":\"https:\\\/\\\/acninternational.org\\\/de\\\/?s={search_term_string}\"},\"query-input\":{\"@type\":\"PropertyValueSpecification\",\"valueRequired\":true,\"valueName\":\"search_term_string\"}}],\"inLanguage\":\"de\"},{\"@type\":\"Organization\",\"@id\":\"https:\\\/\\\/acninternational.org\\\/de\\\/#organization\",\"name\":\"Aid to the Church in Need International\",\"url\":\"https:\\\/\\\/acninternational.org\\\/de\\\/\",\"logo\":{\"@type\":\"ImageObject\",\"inLanguage\":\"de\",\"@id\":\"https:\\\/\\\/acninternational.org\\\/de\\\/#\\\/schema\\\/logo\\\/image\\\/\",\"url\":\"https:\\\/\\\/media.acninternational.org\\\/wp-content\\\/uploads\\\/2019\\\/11\\\/acn_logo_blackvector.svg\",\"contentUrl\":\"https:\\\/\\\/media.acninternational.org\\\/wp-content\\\/uploads\\\/2019\\\/11\\\/acn_logo_blackvector.svg\",\"width\":232.6,\"height\":78,\"caption\":\"Aid to the Church in Need International\"},\"image\":{\"@id\":\"https:\\\/\\\/acninternational.org\\\/de\\\/#\\\/schema\\\/logo\\\/image\\\/\"},\"sameAs\":[\"https:\\\/\\\/www.facebook.com\\\/acninternationalorg\",\"https:\\\/\\\/x.com\\\/acn_int\",\"https:\\\/\\\/www.youtube.com\\\/channel\\\/UCQ-077gS0TnVzkhHmf1opZw\",\"https:\\\/\\\/www.instagram.com\\\/acn_international\\\/\"]},{\"@type\":\"Person\",\"@id\":\"https:\\\/\\\/acninternational.org\\\/de\\\/#\\\/schema\\\/person\\\/5a2b2930ad4475e0aa0dade4e51d9474\",\"name\":\"Milena\",\"description\":\"Lorem ipsum dolor sit amet, consectetur adipiscing elit, sed do eiusmod tempor incididunt ut labore et dolore magna aliqua. Ut enim ad minim veniam, quis nostrud exercitation ullamco laboris nisi ut aliquip ex ea commodo consequat.\",\"url\":\"https:\\\/\\\/acninternational.org\\\/de\\\/author\\\/milena\\\/\"}]}<\/script>\n<!-- \/ Yoast SEO Premium plugin. -->","yoast_head_json":{"title":"Feuer und Vandalismus: die endlose Trag\u00f6die zweier denkmalgesch\u00fctzter Kirchen in Santiago | ACN International","robots":{"index":"index","follow":"follow","max-snippet":"max-snippet:-1","max-image-preview":"max-image-preview:large","max-video-preview":"max-video-preview:-1"},"canonical":"https:\/\/acninternational.org\/de\/feuer-und-vandalismus-die-endlose-tragoedie-zweier-denkmalgeschuetzter-kirchen-in-santiago\/","og_locale":"de_DE","og_type":"article","og_title":"Feuer und Vandalismus: die endlose Trag\u00f6die zweier denkmalgesch\u00fctzter Kirchen in Santiago","og_description":"The embers are still smouldering, and you can smell the smoke of burning in the centrally situated church of the","og_url":"https:\/\/acninternational.org\/de\/feuer-und-vandalismus-die-endlose-tragoedie-zweier-denkmalgeschuetzter-kirchen-in-santiago\/","og_site_name":"ACN International","article_publisher":"https:\/\/www.facebook.com\/acninternationalorg","article_published_time":"2020-10-23T08:40:59+00:00","article_modified_time":"2020-10-23T08:53:46+00:00","og_image":[{"width":2000,"height":625,"url":"https:\/\/media.acninternational.org\/wp-content\/uploads\/2020\/10\/acn_chile_Arson-and-vandalism-the-continuing-tragedy-of-two-iconic-churches-in-Santiago.jpg","type":"image\/jpeg"}],"author":"Milena","twitter_card":"summary_large_image","twitter_creator":"@acn_int","twitter_site":"@acn_int","twitter_misc":{"Verfasst von":"Milena","Gesch\u00e4tzte Lesezeit":"5\u00a0Minuten"},"schema":{"@context":"https:\/\/schema.org","@graph":[{"@type":"Article","@id":"https:\/\/acninternational.org\/de\/feuer-und-vandalismus-die-endlose-tragoedie-zweier-denkmalgeschuetzter-kirchen-in-santiago\/#article","isPartOf":{"@id":"https:\/\/acninternational.org\/de\/feuer-und-vandalismus-die-endlose-tragoedie-zweier-denkmalgeschuetzter-kirchen-in-santiago\/"},"author":{"name":"Milena","@id":"https:\/\/acninternational.org\/de\/#\/schema\/person\/5a2b2930ad4475e0aa0dade4e51d9474"},"headline":"Feuer und Vandalismus: die endlose Trag\u00f6die zweier denkmalgesch\u00fctzter Kirchen in Santiago","datePublished":"2020-10-23T08:40:59+00:00","dateModified":"2020-10-23T08:53:46+00:00","mainEntityOfPage":{"@id":"https:\/\/acninternational.org\/de\/feuer-und-vandalismus-die-endlose-tragoedie-zweier-denkmalgeschuetzter-kirchen-in-santiago\/"},"wordCount":1085,"publisher":{"@id":"https:\/\/acninternational.org\/de\/#organization"},"image":{"@id":"https:\/\/acninternational.org\/de\/feuer-und-vandalismus-die-endlose-tragoedie-zweier-denkmalgeschuetzter-kirchen-in-santiago\/#primaryimage"},"thumbnailUrl":"https:\/\/media.acninternational.org\/wp-content\/uploads\/2020\/10\/acn_chile_Arson-and-vandalism-the-continuing-tragedy-of-two-iconic-churches-in-Santiago.jpg","articleSection":["Unkategorisiert"],"inLanguage":"de"},{"@type":"WebPage","@id":"https:\/\/acninternational.org\/de\/feuer-und-vandalismus-die-endlose-tragoedie-zweier-denkmalgeschuetzter-kirchen-in-santiago\/","url":"https:\/\/acninternational.org\/de\/feuer-und-vandalismus-die-endlose-tragoedie-zweier-denkmalgeschuetzter-kirchen-in-santiago\/","name":"Feuer und Vandalismus: die endlose Trag\u00f6die zweier denkmalgesch\u00fctzter Kirchen in Santiago | ACN International","isPartOf":{"@id":"https:\/\/acninternational.org\/de\/#website"},"primaryImageOfPage":{"@id":"https:\/\/acninternational.org\/de\/feuer-und-vandalismus-die-endlose-tragoedie-zweier-denkmalgeschuetzter-kirchen-in-santiago\/#primaryimage"},"image":{"@id":"https:\/\/acninternational.org\/de\/feuer-und-vandalismus-die-endlose-tragoedie-zweier-denkmalgeschuetzter-kirchen-in-santiago\/#primaryimage"},"thumbnailUrl":"https:\/\/media.acninternational.org\/wp-content\/uploads\/2020\/10\/acn_chile_Arson-and-vandalism-the-continuing-tragedy-of-two-iconic-churches-in-Santiago.jpg","datePublished":"2020-10-23T08:40:59+00:00","dateModified":"2020-10-23T08:53:46+00:00","breadcrumb":{"@id":"https:\/\/acninternational.org\/de\/feuer-und-vandalismus-die-endlose-tragoedie-zweier-denkmalgeschuetzter-kirchen-in-santiago\/#breadcrumb"},"inLanguage":"de","potentialAction":[{"@type":"ReadAction","target":["https:\/\/acninternational.org\/de\/feuer-und-vandalismus-die-endlose-tragoedie-zweier-denkmalgeschuetzter-kirchen-in-santiago\/"]}]},{"@type":"ImageObject","inLanguage":"de","@id":"https:\/\/acninternational.org\/de\/feuer-und-vandalismus-die-endlose-tragoedie-zweier-denkmalgeschuetzter-kirchen-in-santiago\/#primaryimage","url":"https:\/\/media.acninternational.org\/wp-content\/uploads\/2020\/10\/acn_chile_Arson-and-vandalism-the-continuing-tragedy-of-two-iconic-churches-in-Santiago.jpg","contentUrl":"https:\/\/media.acninternational.org\/wp-content\/uploads\/2020\/10\/acn_chile_Arson-and-vandalism-the-continuing-tragedy-of-two-iconic-churches-in-Santiago.jpg","width":2000,"height":625},{"@type":"BreadcrumbList","@id":"https:\/\/acninternational.org\/de\/feuer-und-vandalismus-die-endlose-tragoedie-zweier-denkmalgeschuetzter-kirchen-in-santiago\/#breadcrumb","itemListElement":[{"@type":"ListItem","position":1,"name":"Home","item":"https:\/\/acninternational.org\/de\/"},{"@type":"ListItem","position":2,"name":"FEATURED","item":"https:\/\/acninternational.org\/de\/category\/featured-de\/"},{"@type":"ListItem","position":3,"name":"Feuer und Vandalismus: die endlose Trag\u00f6die zweier denkmalgesch\u00fctzter Kirchen in Santiago"}]},{"@type":"WebSite","@id":"https:\/\/acninternational.org\/de\/#website","url":"https:\/\/acninternational.org\/de\/","name":"ACN International","description":"","publisher":{"@id":"https:\/\/acninternational.org\/de\/#organization"},"potentialAction":[{"@type":"SearchAction","target":{"@type":"EntryPoint","urlTemplate":"https:\/\/acninternational.org\/de\/?s={search_term_string}"},"query-input":{"@type":"PropertyValueSpecification","valueRequired":true,"valueName":"search_term_string"}}],"inLanguage":"de"},{"@type":"Organization","@id":"https:\/\/acninternational.org\/de\/#organization","name":"Aid to the Church in Need International","url":"https:\/\/acninternational.org\/de\/","logo":{"@type":"ImageObject","inLanguage":"de","@id":"https:\/\/acninternational.org\/de\/#\/schema\/logo\/image\/","url":"https:\/\/media.acninternational.org\/wp-content\/uploads\/2019\/11\/acn_logo_blackvector.svg","contentUrl":"https:\/\/media.acninternational.org\/wp-content\/uploads\/2019\/11\/acn_logo_blackvector.svg","width":232.6,"height":78,"caption":"Aid to the Church in Need International"},"image":{"@id":"https:\/\/acninternational.org\/de\/#\/schema\/logo\/image\/"},"sameAs":["https:\/\/www.facebook.com\/acninternationalorg","https:\/\/x.com\/acn_int","https:\/\/www.youtube.com\/channel\/UCQ-077gS0TnVzkhHmf1opZw","https:\/\/www.instagram.com\/acn_international\/"]},{"@type":"Person","@id":"https:\/\/acninternational.org\/de\/#\/schema\/person\/5a2b2930ad4475e0aa0dade4e51d9474","name":"Milena","description":"Lorem ipsum dolor sit amet, consectetur adipiscing elit, sed do eiusmod tempor incididunt ut labore et dolore magna aliqua. Ut enim ad minim veniam, quis nostrud exercitation ullamco laboris nisi ut aliquip ex ea commodo consequat.","url":"https:\/\/acninternational.org\/de\/author\/milena\/"}]}},"_links":{"self":[{"href":"https:\/\/acninternational.org\/de\/wp-json\/wp\/v2\/posts\/144035","targetHints":{"allow":["GET"]}}],"collection":[{"href":"https:\/\/acninternational.org\/de\/wp-json\/wp\/v2\/posts"}],"about":[{"href":"https:\/\/acninternational.org\/de\/wp-json\/wp\/v2\/types\/post"}],"author":[{"embeddable":true,"href":"https:\/\/acninternational.org\/de\/wp-json\/wp\/v2\/users\/66"}],"replies":[{"embeddable":true,"href":"https:\/\/acninternational.org\/de\/wp-json\/wp\/v2\/comments?post=144035"}],"version-history":[{"count":0,"href":"https:\/\/acninternational.org\/de\/wp-json\/wp\/v2\/posts\/144035\/revisions"}],"wp:featuredmedia":[{"embeddable":true,"href":"https:\/\/acninternational.org\/de\/wp-json\/wp\/v2\/media\/144027"}],"wp:attachment":[{"href":"https:\/\/acninternational.org\/de\/wp-json\/wp\/v2\/media?parent=144035"}],"wp:term":[{"taxonomy":"category","embeddable":true,"href":"https:\/\/acninternational.org\/de\/wp-json\/wp\/v2\/categories?post=144035"},{"taxonomy":"post_tag","embeddable":true,"href":"https:\/\/acninternational.org\/de\/wp-json\/wp\/v2\/tags?post=144035"},{"taxonomy":"country","embeddable":true,"href":"https:\/\/acninternational.org\/de\/wp-json\/wp\/v2\/country?post=144035"}],"curies":[{"name":"wp","href":"https:\/\/api.w.org\/{rel}","templated":true}]}}