{"id":143729,"date":"2020-10-12T15:46:39","date_gmt":"2020-10-12T13:46:39","guid":{"rendered":"https:\/\/acninternational.org\/?p=143729"},"modified":"2020-10-12T16:21:14","modified_gmt":"2020-10-12T14:21:14","slug":"beiruter-erzbischof-wir-wollen-die-wahrheit-ueber-die-explosion-wissen","status":"publish","type":"post","link":"https:\/\/acninternational.org\/de\/beiruter-erzbischof-wir-wollen-die-wahrheit-ueber-die-explosion-wissen\/","title":{"rendered":"Beiruter Erzbischof: \u201cWir wollen die Wahrheit \u00fcber die Explosion wissen\u201d"},"content":{"rendered":"<p><em>Der Libanon hat in der letzten Zeit einige dramatische politische, wirtschaftliche und zuletzt auch physische Schockereignisse erlebt. Wer k\u00fcmmert sich um die Christen im Land? Wei\u00df die Internationale Gemeinschaft den wahren Wert des Libanons f\u00fcr den Nahen Osten zu sch\u00e4tzen? Die P\u00e4pstliche Stiftung ACN hat den Libanon in der vergangenen Woche besucht und den maronitischen Erzbischof von Beirut, Paul Abdel Sater, getroffen. <\/em><\/p>\n<figure id=\"attachment_143694\" aria-describedby=\"caption-attachment-143694\" style=\"width: 670px\" class=\"wp-caption alignnone\"><img loading=\"lazy\" decoding=\"async\" class=\"wp-image-143694 size-full\" src=\"https:\/\/media.acninternational.org\/wp-content\/uploads\/2020\/10\/acn_lebanon_the-truth-about-the-explosion-in-beirut.jpg\" alt=\"Maronitischen Erzbischof von Beirut, Paul Abdel Sater\" width=\"670\" height=\"400\" srcset=\"https:\/\/media.acninternational.org\/wp-content\/uploads\/2020\/10\/acn_lebanon_the-truth-about-the-explosion-in-beirut.jpg 670w, https:\/\/media.acninternational.org\/wp-content\/uploads\/2020\/10\/acn_lebanon_the-truth-about-the-explosion-in-beirut-300x179.jpg 300w\" sizes=\"auto, (max-width: 670px) 100vw, 670px\" \/><figcaption id=\"caption-attachment-143694\" class=\"wp-caption-text\">Maronitischen Erzbischof von Beirut, Paul Abdel Sater<\/figcaption><\/figure>\n<p><strong>Exzellenz, am 4. August 2020 gab es am Hafen eine gewaltige Explosion. Wo befanden Sie sich zum Zeitpunkt der Explosion?<br \/>\n<\/strong>Ich war in meinem B\u00fcro. Ich h\u00f6rte den L\u00e4rm nicht, aber ich sp\u00fcrte die Druckwelle, die Welle hei\u00dfer Luft, die durch das zerbrochene Fenster hineinkam. Ich sah all das Glas um mich herum. Mein Schreibtisch und der Fu\u00dfboden meines B\u00fcros waren mit Glasscherben bedeckt. Die T\u00fcr war herausgedr\u00fcckt worden. So verstand ich, dass es eine Explosion gegeben hatte. Die ganze Kanzlei war stark besch\u00e4digt. Keine T\u00fcren mehr, keine Fenster, nichts. Alles kam herunter. Ein \u00e4lterer Priester hatte Verletzungen im Gesicht. Und ein Angestellter, der unten in der ersten Etage gewesen war, wurde vier Meter weit von der Stelle, an der er gestanden hatte, weggeschleudert. Die gro\u00dfe T\u00fcr der Kanzlei fiel auf ihn und brach ihm die Rippen und den Sch\u00e4del. Gott sei Dank ist er am Leben. Wir haben einen anderen Angestellten in einem anderen Geb\u00e4ude verloren. Er wurde durch die Explosion get\u00f6tet.<\/p>\n<p><strong>Exzellenz, die schlimmsten Sch\u00e4den traten im christlichen Stadtteil auf. Warum wurde das christliche Viertel durch diese Explosion besonders stark getroffen?<br \/>\n<\/strong>Weil das dem Hafen am n\u00e4chsten gelegenen Wohnviertel von Christen bewohnt wird. Sie kamen in der Vergangenheit aus den Bergen und lie\u00dfen sich rings um den Hafen nieder, um dort zu arbeiten. Es war eine M\u00f6glichkeit, ihren Lebensunterhalt zu verdienen. Nach und nach legten sie ihre eigenen Stra\u00dfen, ihre eigenen Siedlungen und Viertel an. So ist das Gebiet rings um den Hafen \u00fcberwiegend von Christen bewohnt. Und es scheint so, als sei die Explosion in diese Richtung gegangen.<\/p>\n<figure id=\"attachment_143706\" aria-describedby=\"caption-attachment-143706\" style=\"width: 670px\" class=\"wp-caption alignnone\"><img loading=\"lazy\" decoding=\"async\" class=\"wp-image-143706 size-full\" src=\"https:\/\/media.acninternational.org\/wp-content\/uploads\/2020\/10\/acn_lebanon_the-truth-about-the-explosion-in-beirut-3.jpg\" alt=\"Am 4. August 2020 gab es am Hafen eine gewaltige Explosion, die schlimmsten Sch\u00e4den traten im christlichen Stadtteil auf\" width=\"670\" height=\"400\" srcset=\"https:\/\/media.acninternational.org\/wp-content\/uploads\/2020\/10\/acn_lebanon_the-truth-about-the-explosion-in-beirut-3.jpg 670w, https:\/\/media.acninternational.org\/wp-content\/uploads\/2020\/10\/acn_lebanon_the-truth-about-the-explosion-in-beirut-3-300x179.jpg 300w\" sizes=\"auto, (max-width: 670px) 100vw, 670px\" \/><figcaption id=\"caption-attachment-143706\" class=\"wp-caption-text\">Am 4. August 2020 gab es am Hafen eine gewaltige Explosion, die schlimmsten Sch\u00e4den traten im christlichen Stadtteil auf<\/figcaption><\/figure>\n<p><strong>Wie w\u00fcrden sie das derzeitige emotionale Klima beschreiben? <\/strong><br \/>\nAn den Tagen nach der Explosion dankten die Menschen Gott, dass sie noch am Leben waren, aber sie waren auch traurig, weil sie geliebte Menschen verloren hatten \u2500 und ihre H\u00e4user. Alle sp\u00fcren, dass ein Wunder geschehen ist: Es ist wahr, wir haben mehr als zweihundert Menschen verloren, und Tausende wurden verletzt. Aber wenn Sie die Zerst\u00f6rung sehen, das Ausma\u00df an Zerst\u00f6rung, h\u00e4tten mehr als 200 Menschen get\u00f6tet werden m\u00fcssen. Und jeder hat eine Geschichte, wie er oder sie gerettet wurde, wie sie den Ort verlie\u00dfen, an dem sie h\u00e4tten sein sollen, als w\u00e4ren sie von jemandem angesto\u00dfen worden, und so wurden sie vor dem Tod oder schweren Verletzungen bewahrt. <strong><br \/>\n<\/strong>Danach begannen die Menschen die naheliegende Frage zu stellen: Warum nur, warum ist das alles geschehen? Und man konnte so etwas wie Wut wahrnehmen, keinen Hass, aber Wut, warum so etwas schon wieder passiert ist. Wann wird es aufh\u00f6ren? Jetzt sind die Leute dankbar, weil ihnen von anderen Menschen geholfen wurde, in ihre H\u00e4user zur\u00fcckzukehren. Aber sie stellen sich weiterhin dieselbe Frage: Warum? Wer hat das getan? Wir wollen die Wahrheit wissen, besonders diejenigen, die ihre Angeh\u00f6rigen verloren haben, die get\u00f6tet wurden oder vermisst werden.<\/p>\n<p><strong>Was tut die Kirche heute praktisch, um den Familien zu helfen, es noch einmal zu versuchen und das Leben wieder neu zu beginnen?<br \/>\n<\/strong>Die Priester in den Pfarreien haben seit acht Wochen Tag und Nacht gearbeitet. Sie besuchen die Menschen, um herauszufinden, ob jemand Hilfe ben\u00f6tigt. Wir bem\u00fchen uns, ihre besch\u00e4digten H\u00e4user wiederherzustellen. Wir versuchen, sie auch mit Nahrung zu versorgen, wenn es notwendig ist. Wir besuchen die Leute, die von der Explosion betroffen sind, um sie zu ermutigen. Sie m\u00f6chten in ihren H\u00e4usern bleiben.<\/p>\n<figure id=\"attachment_143700\" aria-describedby=\"caption-attachment-143700\" style=\"width: 670px\" class=\"wp-caption alignnone\"><img loading=\"lazy\" decoding=\"async\" class=\"wp-image-143700 size-full\" src=\"https:\/\/media.acninternational.org\/wp-content\/uploads\/2020\/10\/acn_lebanon_the-truth-about-the-explosion-in-beirut-2.jpg\" alt=\"&quot;Wir versuchen, sie auch mit Nahrung zu versorgen, wenn es notwendig ist&quot;\" width=\"670\" height=\"400\" srcset=\"https:\/\/media.acninternational.org\/wp-content\/uploads\/2020\/10\/acn_lebanon_the-truth-about-the-explosion-in-beirut-2.jpg 670w, https:\/\/media.acninternational.org\/wp-content\/uploads\/2020\/10\/acn_lebanon_the-truth-about-the-explosion-in-beirut-2-300x179.jpg 300w\" sizes=\"auto, (max-width: 670px) 100vw, 670px\" \/><figcaption id=\"caption-attachment-143700\" class=\"wp-caption-text\">&#8222;Wir versuchen, sie auch mit Nahrung zu versorgen, wenn es notwendig ist&#8220;<\/figcaption><\/figure>\n<p><strong>Der heilige Johannes Paul II. sagte: Der Libanon ist eine Botschaft. Wenn der Libanon nicht in der Lage ist, L\u00f6sungen f\u00fcr seine Herausforderungen zu finden, was sind die m\u00f6glichen Auswirkungen f\u00fcr die ganze Region und wie wichtig ist folglich der Libanon f\u00fcr die ganze Region?<\/strong><br \/>\nEs ist wahr: Der Libanon ist eine Botschaft. Und der Beweis daf\u00fcr ist, dass am zweiten Tag nach der Explosion Menschen aus allen Teilen des Libanon kamen, Christen, Muslime, junge Menschen, und alle zusammenarbeiteten, um das verw\u00fcstete Gel\u00e4nde aufzur\u00e4umen und den Menschen zu helfen, ihre Sachen aus den zerst\u00f6rten H\u00e4usern zu holen. Somit ist es wahr: Der Libanon ist eine Botschaft.<\/p>\n<p>Man kann so eine Solidarit\u00e4t sonst unter den Menschen nicht finden, aber im Libanon schon. Wenn der Libanon das nun verliert, bedeutet das, dass der Fanatismus in dem Gebiet zunehmen wird. Und wenn es Fanatismus gibt, gibt es Zerst\u00f6rung, weil die Leute nicht die menschliche Person vor sich sehen werden. Sie werden jemanden sehen, der gegen sie ist, ihren Feind, aber nicht den Menschen. Das Gute am Libanon ist, dass wir bis jetzt in der Lage sind, die Person vor uns zu sehen, nicht seine Ideologie, nicht seine Ideen, nicht seine \u00dcberzeugungen, sondern eine Person, die der Liebe und der F\u00fcrsorge bedarf. Mit wem k\u00f6nnen wir leben, wenn das verloren geht? Bislang konnten Menschen, die in Freiheit leben wollten, immer in den Libanon kommen und diese Freiheit erfahren. Traurigerweise glaube ich, dass die Internationale Gemeinschaft den wahren Wert des Libanon nicht zu sch\u00e4tzen wei\u00df. So etwas ist im Nahen Osten nur selten, und der Libanon ist dieses Land, und dies muss von der Internationalen Gemeinschaft bewahrt werden.<\/p>\n","protected":false},"excerpt":{"rendered":"<p>Lebanon has been experiencing a series of dramatic shocks recently, political, economic and most recently physical. Who cares at the<\/p>\n","protected":false},"author":66,"featured_media":143714,"comment_status":"closed","ping_status":"closed","sticky":false,"template":"","format":"standard","meta":{"_acf_changed":false,"_acn_coauthor_ids":[],"footnotes":""},"categories":[234],"tags":[],"country":[340],"class_list":["post-143729","post","type-post","status-publish","format-standard","has-post-thumbnail","hentry","category-unkategorisiert","country-lebanon"],"acn_coauthors":[],"acf":[],"yoast_head":"<!-- This site is optimized with the Yoast SEO Premium plugin v27.3 (Yoast SEO v27.3) - https:\/\/yoast.com\/product\/yoast-seo-premium-wordpress\/ -->\n<title>Beiruter Erzbischof: \u201cWir wollen die Wahrheit \u00fcber die Explosion wissen\u201d | ACN International<\/title>\n<meta name=\"robots\" content=\"index, follow, max-snippet:-1, max-image-preview:large, max-video-preview:-1\" \/>\n<link rel=\"canonical\" href=\"https:\/\/acninternational.org\/de\/beiruter-erzbischof-wir-wollen-die-wahrheit-ueber-die-explosion-wissen\/\" \/>\n<meta property=\"og:locale\" content=\"de_DE\" \/>\n<meta property=\"og:type\" content=\"article\" \/>\n<meta property=\"og:title\" content=\"Beiruter Erzbischof: \u201cWir wollen die Wahrheit \u00fcber die Explosion wissen\u201d\" \/>\n<meta property=\"og:description\" content=\"Lebanon has been experiencing a series of dramatic shocks recently, political, economic and most recently physical. Who cares at the\" \/>\n<meta property=\"og:url\" content=\"https:\/\/acninternational.org\/de\/beiruter-erzbischof-wir-wollen-die-wahrheit-ueber-die-explosion-wissen\/\" \/>\n<meta property=\"og:site_name\" content=\"ACN International\" \/>\n<meta property=\"article:publisher\" content=\"https:\/\/www.facebook.com\/acninternationalorg\" \/>\n<meta property=\"article:published_time\" content=\"2020-10-12T13:46:39+00:00\" \/>\n<meta property=\"article:modified_time\" content=\"2020-10-12T14:21:14+00:00\" \/>\n<meta property=\"og:image\" content=\"https:\/\/media.acninternational.org\/wp-content\/uploads\/2020\/10\/acn_lebanon_the-truth-about-the-explosion-in-beirut-4.jpg\" \/>\n\t<meta property=\"og:image:width\" content=\"1400\" \/>\n\t<meta property=\"og:image:height\" content=\"438\" \/>\n\t<meta property=\"og:image:type\" content=\"image\/jpeg\" \/>\n<meta name=\"author\" content=\"Milena\" \/>\n<meta name=\"twitter:card\" content=\"summary_large_image\" \/>\n<meta name=\"twitter:creator\" content=\"@acn_int\" \/>\n<meta name=\"twitter:site\" content=\"@acn_int\" \/>\n<meta name=\"twitter:label1\" content=\"Verfasst von\" \/>\n\t<meta name=\"twitter:data1\" content=\"Milena\" \/>\n\t<meta name=\"twitter:label2\" content=\"Gesch\u00e4tzte Lesezeit\" \/>\n\t<meta name=\"twitter:data2\" content=\"5\u00a0Minuten\" \/>\n<script type=\"application\/ld+json\" class=\"yoast-schema-graph\">{\"@context\":\"https:\\\/\\\/schema.org\",\"@graph\":[{\"@type\":\"Article\",\"@id\":\"https:\\\/\\\/acninternational.org\\\/de\\\/beiruter-erzbischof-wir-wollen-die-wahrheit-ueber-die-explosion-wissen\\\/#article\",\"isPartOf\":{\"@id\":\"https:\\\/\\\/acninternational.org\\\/de\\\/beiruter-erzbischof-wir-wollen-die-wahrheit-ueber-die-explosion-wissen\\\/\"},\"author\":{\"name\":\"Milena\",\"@id\":\"https:\\\/\\\/acninternational.org\\\/de\\\/#\\\/schema\\\/person\\\/5a2b2930ad4475e0aa0dade4e51d9474\"},\"headline\":\"Beiruter Erzbischof: \u201cWir wollen die Wahrheit \u00fcber die Explosion wissen\u201d\",\"datePublished\":\"2020-10-12T13:46:39+00:00\",\"dateModified\":\"2020-10-12T14:21:14+00:00\",\"mainEntityOfPage\":{\"@id\":\"https:\\\/\\\/acninternational.org\\\/de\\\/beiruter-erzbischof-wir-wollen-die-wahrheit-ueber-die-explosion-wissen\\\/\"},\"wordCount\":1012,\"publisher\":{\"@id\":\"https:\\\/\\\/acninternational.org\\\/de\\\/#organization\"},\"image\":{\"@id\":\"https:\\\/\\\/acninternational.org\\\/de\\\/beiruter-erzbischof-wir-wollen-die-wahrheit-ueber-die-explosion-wissen\\\/#primaryimage\"},\"thumbnailUrl\":\"https:\\\/\\\/media.acninternational.org\\\/wp-content\\\/uploads\\\/2020\\\/10\\\/acn_lebanon_the-truth-about-the-explosion-in-beirut-4.jpg\",\"articleSection\":[\"Unkategorisiert\"],\"inLanguage\":\"de\"},{\"@type\":\"WebPage\",\"@id\":\"https:\\\/\\\/acninternational.org\\\/de\\\/beiruter-erzbischof-wir-wollen-die-wahrheit-ueber-die-explosion-wissen\\\/\",\"url\":\"https:\\\/\\\/acninternational.org\\\/de\\\/beiruter-erzbischof-wir-wollen-die-wahrheit-ueber-die-explosion-wissen\\\/\",\"name\":\"Beiruter Erzbischof: \u201cWir wollen die Wahrheit \u00fcber die Explosion wissen\u201d | ACN International\",\"isPartOf\":{\"@id\":\"https:\\\/\\\/acninternational.org\\\/de\\\/#website\"},\"primaryImageOfPage\":{\"@id\":\"https:\\\/\\\/acninternational.org\\\/de\\\/beiruter-erzbischof-wir-wollen-die-wahrheit-ueber-die-explosion-wissen\\\/#primaryimage\"},\"image\":{\"@id\":\"https:\\\/\\\/acninternational.org\\\/de\\\/beiruter-erzbischof-wir-wollen-die-wahrheit-ueber-die-explosion-wissen\\\/#primaryimage\"},\"thumbnailUrl\":\"https:\\\/\\\/media.acninternational.org\\\/wp-content\\\/uploads\\\/2020\\\/10\\\/acn_lebanon_the-truth-about-the-explosion-in-beirut-4.jpg\",\"datePublished\":\"2020-10-12T13:46:39+00:00\",\"dateModified\":\"2020-10-12T14:21:14+00:00\",\"breadcrumb\":{\"@id\":\"https:\\\/\\\/acninternational.org\\\/de\\\/beiruter-erzbischof-wir-wollen-die-wahrheit-ueber-die-explosion-wissen\\\/#breadcrumb\"},\"inLanguage\":\"de\",\"potentialAction\":[{\"@type\":\"ReadAction\",\"target\":[\"https:\\\/\\\/acninternational.org\\\/de\\\/beiruter-erzbischof-wir-wollen-die-wahrheit-ueber-die-explosion-wissen\\\/\"]}]},{\"@type\":\"ImageObject\",\"inLanguage\":\"de\",\"@id\":\"https:\\\/\\\/acninternational.org\\\/de\\\/beiruter-erzbischof-wir-wollen-die-wahrheit-ueber-die-explosion-wissen\\\/#primaryimage\",\"url\":\"https:\\\/\\\/media.acninternational.org\\\/wp-content\\\/uploads\\\/2020\\\/10\\\/acn_lebanon_the-truth-about-the-explosion-in-beirut-4.jpg\",\"contentUrl\":\"https:\\\/\\\/media.acninternational.org\\\/wp-content\\\/uploads\\\/2020\\\/10\\\/acn_lebanon_the-truth-about-the-explosion-in-beirut-4.jpg\",\"width\":1400,\"height\":438},{\"@type\":\"BreadcrumbList\",\"@id\":\"https:\\\/\\\/acninternational.org\\\/de\\\/beiruter-erzbischof-wir-wollen-die-wahrheit-ueber-die-explosion-wissen\\\/#breadcrumb\",\"itemListElement\":[{\"@type\":\"ListItem\",\"position\":1,\"name\":\"Home\",\"item\":\"https:\\\/\\\/acninternational.org\\\/de\\\/\"},{\"@type\":\"ListItem\",\"position\":2,\"name\":\"Interview\",\"item\":\"https:\\\/\\\/acninternational.org\\\/de\\\/category\\\/interview-2\\\/\"},{\"@type\":\"ListItem\",\"position\":3,\"name\":\"Beiruter Erzbischof: \u201cWir wollen die Wahrheit \u00fcber die Explosion wissen\u201d\"}]},{\"@type\":\"WebSite\",\"@id\":\"https:\\\/\\\/acninternational.org\\\/de\\\/#website\",\"url\":\"https:\\\/\\\/acninternational.org\\\/de\\\/\",\"name\":\"ACN International\",\"description\":\"\",\"publisher\":{\"@id\":\"https:\\\/\\\/acninternational.org\\\/de\\\/#organization\"},\"potentialAction\":[{\"@type\":\"SearchAction\",\"target\":{\"@type\":\"EntryPoint\",\"urlTemplate\":\"https:\\\/\\\/acninternational.org\\\/de\\\/?s={search_term_string}\"},\"query-input\":{\"@type\":\"PropertyValueSpecification\",\"valueRequired\":true,\"valueName\":\"search_term_string\"}}],\"inLanguage\":\"de\"},{\"@type\":\"Organization\",\"@id\":\"https:\\\/\\\/acninternational.org\\\/de\\\/#organization\",\"name\":\"Aid to the Church in Need International\",\"url\":\"https:\\\/\\\/acninternational.org\\\/de\\\/\",\"logo\":{\"@type\":\"ImageObject\",\"inLanguage\":\"de\",\"@id\":\"https:\\\/\\\/acninternational.org\\\/de\\\/#\\\/schema\\\/logo\\\/image\\\/\",\"url\":\"https:\\\/\\\/media.acninternational.org\\\/wp-content\\\/uploads\\\/2019\\\/11\\\/acn_logo_blackvector.svg\",\"contentUrl\":\"https:\\\/\\\/media.acninternational.org\\\/wp-content\\\/uploads\\\/2019\\\/11\\\/acn_logo_blackvector.svg\",\"width\":232.6,\"height\":78,\"caption\":\"Aid to the Church in Need International\"},\"image\":{\"@id\":\"https:\\\/\\\/acninternational.org\\\/de\\\/#\\\/schema\\\/logo\\\/image\\\/\"},\"sameAs\":[\"https:\\\/\\\/www.facebook.com\\\/acninternationalorg\",\"https:\\\/\\\/x.com\\\/acn_int\",\"https:\\\/\\\/www.youtube.com\\\/channel\\\/UCQ-077gS0TnVzkhHmf1opZw\",\"https:\\\/\\\/www.instagram.com\\\/acn_international\\\/\"]},{\"@type\":\"Person\",\"@id\":\"https:\\\/\\\/acninternational.org\\\/de\\\/#\\\/schema\\\/person\\\/5a2b2930ad4475e0aa0dade4e51d9474\",\"name\":\"Milena\",\"description\":\"Lorem ipsum dolor sit amet, consectetur adipiscing elit, sed do eiusmod tempor incididunt ut labore et dolore magna aliqua. Ut enim ad minim veniam, quis nostrud exercitation ullamco laboris nisi ut aliquip ex ea commodo consequat.\",\"url\":\"https:\\\/\\\/acninternational.org\\\/de\\\/author\\\/milena\\\/\"}]}<\/script>\n<!-- \/ Yoast SEO Premium plugin. -->","yoast_head_json":{"title":"Beiruter Erzbischof: \u201cWir wollen die Wahrheit \u00fcber die Explosion wissen\u201d | ACN International","robots":{"index":"index","follow":"follow","max-snippet":"max-snippet:-1","max-image-preview":"max-image-preview:large","max-video-preview":"max-video-preview:-1"},"canonical":"https:\/\/acninternational.org\/de\/beiruter-erzbischof-wir-wollen-die-wahrheit-ueber-die-explosion-wissen\/","og_locale":"de_DE","og_type":"article","og_title":"Beiruter Erzbischof: \u201cWir wollen die Wahrheit \u00fcber die Explosion wissen\u201d","og_description":"Lebanon has been experiencing a series of dramatic shocks recently, political, economic and most recently physical. Who cares at the","og_url":"https:\/\/acninternational.org\/de\/beiruter-erzbischof-wir-wollen-die-wahrheit-ueber-die-explosion-wissen\/","og_site_name":"ACN International","article_publisher":"https:\/\/www.facebook.com\/acninternationalorg","article_published_time":"2020-10-12T13:46:39+00:00","article_modified_time":"2020-10-12T14:21:14+00:00","og_image":[{"width":1400,"height":438,"url":"https:\/\/media.acninternational.org\/wp-content\/uploads\/2020\/10\/acn_lebanon_the-truth-about-the-explosion-in-beirut-4.jpg","type":"image\/jpeg"}],"author":"Milena","twitter_card":"summary_large_image","twitter_creator":"@acn_int","twitter_site":"@acn_int","twitter_misc":{"Verfasst von":"Milena","Gesch\u00e4tzte Lesezeit":"5\u00a0Minuten"},"schema":{"@context":"https:\/\/schema.org","@graph":[{"@type":"Article","@id":"https:\/\/acninternational.org\/de\/beiruter-erzbischof-wir-wollen-die-wahrheit-ueber-die-explosion-wissen\/#article","isPartOf":{"@id":"https:\/\/acninternational.org\/de\/beiruter-erzbischof-wir-wollen-die-wahrheit-ueber-die-explosion-wissen\/"},"author":{"name":"Milena","@id":"https:\/\/acninternational.org\/de\/#\/schema\/person\/5a2b2930ad4475e0aa0dade4e51d9474"},"headline":"Beiruter Erzbischof: \u201cWir wollen die Wahrheit \u00fcber die Explosion wissen\u201d","datePublished":"2020-10-12T13:46:39+00:00","dateModified":"2020-10-12T14:21:14+00:00","mainEntityOfPage":{"@id":"https:\/\/acninternational.org\/de\/beiruter-erzbischof-wir-wollen-die-wahrheit-ueber-die-explosion-wissen\/"},"wordCount":1012,"publisher":{"@id":"https:\/\/acninternational.org\/de\/#organization"},"image":{"@id":"https:\/\/acninternational.org\/de\/beiruter-erzbischof-wir-wollen-die-wahrheit-ueber-die-explosion-wissen\/#primaryimage"},"thumbnailUrl":"https:\/\/media.acninternational.org\/wp-content\/uploads\/2020\/10\/acn_lebanon_the-truth-about-the-explosion-in-beirut-4.jpg","articleSection":["Unkategorisiert"],"inLanguage":"de"},{"@type":"WebPage","@id":"https:\/\/acninternational.org\/de\/beiruter-erzbischof-wir-wollen-die-wahrheit-ueber-die-explosion-wissen\/","url":"https:\/\/acninternational.org\/de\/beiruter-erzbischof-wir-wollen-die-wahrheit-ueber-die-explosion-wissen\/","name":"Beiruter Erzbischof: \u201cWir wollen die Wahrheit \u00fcber die Explosion wissen\u201d | ACN International","isPartOf":{"@id":"https:\/\/acninternational.org\/de\/#website"},"primaryImageOfPage":{"@id":"https:\/\/acninternational.org\/de\/beiruter-erzbischof-wir-wollen-die-wahrheit-ueber-die-explosion-wissen\/#primaryimage"},"image":{"@id":"https:\/\/acninternational.org\/de\/beiruter-erzbischof-wir-wollen-die-wahrheit-ueber-die-explosion-wissen\/#primaryimage"},"thumbnailUrl":"https:\/\/media.acninternational.org\/wp-content\/uploads\/2020\/10\/acn_lebanon_the-truth-about-the-explosion-in-beirut-4.jpg","datePublished":"2020-10-12T13:46:39+00:00","dateModified":"2020-10-12T14:21:14+00:00","breadcrumb":{"@id":"https:\/\/acninternational.org\/de\/beiruter-erzbischof-wir-wollen-die-wahrheit-ueber-die-explosion-wissen\/#breadcrumb"},"inLanguage":"de","potentialAction":[{"@type":"ReadAction","target":["https:\/\/acninternational.org\/de\/beiruter-erzbischof-wir-wollen-die-wahrheit-ueber-die-explosion-wissen\/"]}]},{"@type":"ImageObject","inLanguage":"de","@id":"https:\/\/acninternational.org\/de\/beiruter-erzbischof-wir-wollen-die-wahrheit-ueber-die-explosion-wissen\/#primaryimage","url":"https:\/\/media.acninternational.org\/wp-content\/uploads\/2020\/10\/acn_lebanon_the-truth-about-the-explosion-in-beirut-4.jpg","contentUrl":"https:\/\/media.acninternational.org\/wp-content\/uploads\/2020\/10\/acn_lebanon_the-truth-about-the-explosion-in-beirut-4.jpg","width":1400,"height":438},{"@type":"BreadcrumbList","@id":"https:\/\/acninternational.org\/de\/beiruter-erzbischof-wir-wollen-die-wahrheit-ueber-die-explosion-wissen\/#breadcrumb","itemListElement":[{"@type":"ListItem","position":1,"name":"Home","item":"https:\/\/acninternational.org\/de\/"},{"@type":"ListItem","position":2,"name":"Interview","item":"https:\/\/acninternational.org\/de\/category\/interview-2\/"},{"@type":"ListItem","position":3,"name":"Beiruter Erzbischof: \u201cWir wollen die Wahrheit \u00fcber die Explosion wissen\u201d"}]},{"@type":"WebSite","@id":"https:\/\/acninternational.org\/de\/#website","url":"https:\/\/acninternational.org\/de\/","name":"ACN International","description":"","publisher":{"@id":"https:\/\/acninternational.org\/de\/#organization"},"potentialAction":[{"@type":"SearchAction","target":{"@type":"EntryPoint","urlTemplate":"https:\/\/acninternational.org\/de\/?s={search_term_string}"},"query-input":{"@type":"PropertyValueSpecification","valueRequired":true,"valueName":"search_term_string"}}],"inLanguage":"de"},{"@type":"Organization","@id":"https:\/\/acninternational.org\/de\/#organization","name":"Aid to the Church in Need International","url":"https:\/\/acninternational.org\/de\/","logo":{"@type":"ImageObject","inLanguage":"de","@id":"https:\/\/acninternational.org\/de\/#\/schema\/logo\/image\/","url":"https:\/\/media.acninternational.org\/wp-content\/uploads\/2019\/11\/acn_logo_blackvector.svg","contentUrl":"https:\/\/media.acninternational.org\/wp-content\/uploads\/2019\/11\/acn_logo_blackvector.svg","width":232.6,"height":78,"caption":"Aid to the Church in Need International"},"image":{"@id":"https:\/\/acninternational.org\/de\/#\/schema\/logo\/image\/"},"sameAs":["https:\/\/www.facebook.com\/acninternationalorg","https:\/\/x.com\/acn_int","https:\/\/www.youtube.com\/channel\/UCQ-077gS0TnVzkhHmf1opZw","https:\/\/www.instagram.com\/acn_international\/"]},{"@type":"Person","@id":"https:\/\/acninternational.org\/de\/#\/schema\/person\/5a2b2930ad4475e0aa0dade4e51d9474","name":"Milena","description":"Lorem ipsum dolor sit amet, consectetur adipiscing elit, sed do eiusmod tempor incididunt ut labore et dolore magna aliqua. Ut enim ad minim veniam, quis nostrud exercitation ullamco laboris nisi ut aliquip ex ea commodo consequat.","url":"https:\/\/acninternational.org\/de\/author\/milena\/"}]}},"_links":{"self":[{"href":"https:\/\/acninternational.org\/de\/wp-json\/wp\/v2\/posts\/143729","targetHints":{"allow":["GET"]}}],"collection":[{"href":"https:\/\/acninternational.org\/de\/wp-json\/wp\/v2\/posts"}],"about":[{"href":"https:\/\/acninternational.org\/de\/wp-json\/wp\/v2\/types\/post"}],"author":[{"embeddable":true,"href":"https:\/\/acninternational.org\/de\/wp-json\/wp\/v2\/users\/66"}],"replies":[{"embeddable":true,"href":"https:\/\/acninternational.org\/de\/wp-json\/wp\/v2\/comments?post=143729"}],"version-history":[{"count":0,"href":"https:\/\/acninternational.org\/de\/wp-json\/wp\/v2\/posts\/143729\/revisions"}],"wp:featuredmedia":[{"embeddable":true,"href":"https:\/\/acninternational.org\/de\/wp-json\/wp\/v2\/media\/143714"}],"wp:attachment":[{"href":"https:\/\/acninternational.org\/de\/wp-json\/wp\/v2\/media?parent=143729"}],"wp:term":[{"taxonomy":"category","embeddable":true,"href":"https:\/\/acninternational.org\/de\/wp-json\/wp\/v2\/categories?post=143729"},{"taxonomy":"post_tag","embeddable":true,"href":"https:\/\/acninternational.org\/de\/wp-json\/wp\/v2\/tags?post=143729"},{"taxonomy":"country","embeddable":true,"href":"https:\/\/acninternational.org\/de\/wp-json\/wp\/v2\/country?post=143729"}],"curies":[{"name":"wp","href":"https:\/\/api.w.org\/{rel}","templated":true}]}}