{"id":142709,"date":"2020-09-08T14:25:21","date_gmt":"2020-09-08T12:25:21","guid":{"rendered":"https:\/\/acninternational.org\/?p=142709"},"modified":"2020-09-08T14:32:18","modified_gmt":"2020-09-08T12:32:18","slug":"asia-bibi-fordert-im-acn-interview-den-pakistanischen-premierminister-imran-khan-auf-das-blasphemie-gesetz-zu-aendern-und-minderheiten-zu-schuetzen","status":"publish","type":"post","link":"https:\/\/acninternational.org\/de\/asia-bibi-fordert-im-acn-interview-den-pakistanischen-premierminister-imran-khan-auf-das-blasphemie-gesetz-zu-aendern-und-minderheiten-zu-schuetzen\/","title":{"rendered":"Asia Bibi fordert im ACN-Interview den pakistanischen Premierminister Imran Khan auf, das Blasphemie-Gesetz zu \u00e4ndern und Minderheiten zu sch\u00fctzen"},"content":{"rendered":"<p>In einem bewegenden Video-Interview mit dem P\u00e4pstlichen Hilfswerk Aid to the Church in Need\u00a0 (ACN) appelliert Asia Bibi an den pakistanischen Premierminister Imran Khan, Minderheiten zu verteidigen. Sie erinnert an das Drama zahlreicher pakistanischer minderj\u00e4hriger Frauen, die entf\u00fchrt, bekehrt und gewaltsam zur Heirat gezwungen wurden.<\/p>\n<p>Die pakistanische Christin, die zu einem Symbol f\u00fcr das durch die weltweite Christenverfolgung verursachte Leiden geworden ist, sprach von ihrem derzeitigen Wohnsitz in Kanada aus mit dem Direktor von ACN Italien, Alessandro Monteduro. Monteduro erw\u00e4hnte dabei die beiden jungen Christinnen Huma Younus und Maira Shahbaz, die Opfer von Missbrauch wurden. Das Hilfswerk verteidigt deren F\u00e4lle mit einer langfristigen Medienkampagne.<\/p>\n<p>Asia Bibi sagte dazu: \u201eIch wei\u00df, dass diese M\u00e4dchen verfolgt werden. Ich appelliere an den Premierminister Pakistans Imran Khan, unseren M\u00e4dchen zu helfen, denn keine von ihnen sollte leiden m\u00fcssen!\u201c<\/p>\n<p>https:\/\/youtu.be\/hIgWKFczaQU<\/p>\n<p>Ein weiteres besonders heikles Thema, das in den letzten Tagen erneut die Aufmerksamkeit der internationalen Medien auf sich gezogen hat, ist das sogenannte Blasphemiegesetz. Laut dem vom Hilfswerk ver\u00f6ffentlichten Bericht \u00fcber Religionsfreiheit schr\u00e4nken die sogenannten Blasphemiegesetze, die 1986 in das pakistanische Strafgesetzbuch aufgenommen wurden (Abschnitte 295 B, 295 C, 298 A, 298 B, 298 C), die Religionsfreiheit und die Meinungsfreiheit massiv ein. Das Sch\u00e4nden des Koran, sowie das Beleidigen des Propheten stellen Straftaten dar, welche im H\u00f6chstfall jeweils mit lebensl\u00e4nglicher Haft sowie dem Tod bestraft werden k\u00f6nnen. Im Alltag werden diese Gesetze h\u00e4ufig als Mittel genutzt, um religi\u00f6se Minderheiten zu verfolgen. Asia Bibi, eine Mutter von f\u00fcnf Kindern, war genau aufgrund dieser Anklage von 2009 bis zur Aufhebung des Urteils durch das h\u00f6chste Gericht Pakistans im Oktober 2018 inhaftiert.<\/p>\n<p>\u201eAls Pakistan gegr\u00fcndet und von Indien getrennt wurde, garantierte der Gr\u00fcnder Ali Jinnah in seiner Er\u00f6ffnungsrede allen B\u00fcrgern Religions- und Gedankenfreiheit\u201c, erkl\u00e4rte Asia Bibi in dem Interview. \u201eAber heute gibt es einige Gruppen, die die bestehenden Gesetze missbrauchen. Deshalb appelliere ich an den pakistanischen Premierminister, insbesondere die Opfer des Blasphemiegesetzes und die gewaltsam bekehrten M\u00e4dchen sowie die Minderheiten, die auch pakistanische B\u00fcrger sind, zu verteidigen und zu sch\u00fctzen. Als Opfer spreche ich aus eigener Erfahrung. Ich habe schrecklich gelitten und viele Schwierigkeiten durchlebt; aber jetzt bin ich frei, und ich hoffe, dass diese Gesetze so ge\u00e4ndert werden k\u00f6nnen, dass jeder Missbrauch vermieden wird\u201c, sagte Asia Bibi.<\/p>\n<p>Bei dem Interview, das vollst\u00e4ndig auf dem YouTube-Kanal von ACN Italien ver\u00f6ffentlicht wurde, bezog sich Asia Bibi auch auf Papst Franziskus. \u201eIch habe zwei Rosenkr\u00e4nze, die der Heilige Vater gesegnet hat\u201c, sagte sie. \u201eDer eine ist in Pakistan geblieben, den anderen habe ich bei mir. Ich bete den Rosenkranz jeden Tag f\u00fcr den Glauben und f\u00fcr die Verfolgten in Pakistan. Ich danke dem Heiligen Vater Franziskus und Papst Benedikt, die f\u00fcr mich F\u00fcrsprache einlegten. Ebenfalls danke ich ACN und den vielen anderen Menschen, die f\u00fcr mich gebetet haben.\u201c<\/p>\n<p>Im Namen von ACN lud Monteduro Bibi und ihre Familie nach Rom ein. Sie nahm die Einladung mit Freude auf: \u201eIch habe den gro\u00dfen Wunsch, Rom zu besuchen und, wenn m\u00f6glich, den Heiligen Vater zu treffen\u201c, antwortete Asia. \u201eIch bete f\u00fcr Papst Franziskus, der uns in unserem Glauben best\u00e4rkt\u201c. Die pakistanische Christin wandte sich abschlie\u00dfend an die Wohlt\u00e4ter des Hilfswerks: \u201eIch danke ACN und allen Wohlt\u00e4tern in Italien und auf der ganzen Welt f\u00fcr die Unterst\u00fctzung von Menschen, die wie ich wegen ihres Glaubens verfolgt werden.\u201c<\/p>\n","protected":false},"excerpt":{"rendered":"<p>In einem bewegenden Video-Interview mit dem P\u00e4pstlichen Hilfswerk Aid to the Church in Need\u00a0 (ACN) appelliert Asia Bibi an den<\/p>\n","protected":false},"author":4258341447,"featured_media":142737,"comment_status":"closed","ping_status":"closed","sticky":false,"template":"","format":"standard","meta":{"_acf_changed":false,"_acn_coauthor_ids":[],"_acn_featured_article":false,"footnotes":""},"categories":[234],"tags":[],"country":[104],"class_list":["post-142709","post","type-post","status-publish","format-standard","has-post-thumbnail","hentry","category-unkategorisiert","country-pakistan"],"acn_coauthors":[],"acf":[],"yoast_head":"<!-- This site is optimized with the Yoast SEO Premium plugin v27.5 (Yoast SEO v27.5) - https:\/\/yoast.com\/product\/yoast-seo-premium-wordpress\/ -->\n<title>Asia Bibi fordert im ACN-Interview den pakistanischen Premierminister Imran Khan auf, das Blasphemie-Gesetz zu \u00e4ndern und Minderheiten zu sch\u00fctzen<\/title>\n<meta name=\"description\" content=\"In einem bewegenden Video-Interview mit dem P\u00e4pstlichen Hilfswerk Aid to the Church in Need\u00a0 (ACN) appelliert Asia Bibi an den pakistanischen Premierminister Imran Khan, Minderheiten zu verteidigen. Sie erinnert an das Drama zahlreicher pakistanischer minderj\u00e4hriger Frauen, die entf\u00fchrt, bekehrt und gewaltsam zur Heirat gezwungen wurden.\" \/>\n<meta name=\"robots\" content=\"index, follow, max-snippet:-1, max-image-preview:large, max-video-preview:-1\" \/>\n<link rel=\"canonical\" href=\"https:\/\/acninternational.org\/de\/asia-bibi-fordert-im-acn-interview-den-pakistanischen-premierminister-imran-khan-auf-das-blasphemie-gesetz-zu-aendern-und-minderheiten-zu-schuetzen\/\" \/>\n<meta property=\"og:locale\" content=\"de_DE\" \/>\n<meta property=\"og:type\" content=\"article\" \/>\n<meta property=\"og:title\" content=\"Asia Bibi fordert im ACN-Interview den pakistanischen Premierminister Imran Khan auf, das Blasphemie-Gesetz zu \u00e4ndern und Minderheiten zu sch\u00fctzen\" \/>\n<meta property=\"og:description\" content=\"In einem bewegenden Video-Interview mit dem P\u00e4pstlichen Hilfswerk Aid to the Church in Need\u00a0 (ACN) appelliert Asia Bibi an den pakistanischen Premierminister Imran Khan, Minderheiten zu verteidigen. Sie erinnert an das Drama zahlreicher pakistanischer minderj\u00e4hriger Frauen, die entf\u00fchrt, bekehrt und gewaltsam zur Heirat gezwungen wurden.\" \/>\n<meta property=\"og:url\" content=\"https:\/\/acninternational.org\/de\/asia-bibi-fordert-im-acn-interview-den-pakistanischen-premierminister-imran-khan-auf-das-blasphemie-gesetz-zu-aendern-und-minderheiten-zu-schuetzen\/\" \/>\n<meta property=\"og:site_name\" content=\"ACN International\" \/>\n<meta property=\"article:publisher\" content=\"https:\/\/www.facebook.com\/acninternationalorg\" \/>\n<meta property=\"article:published_time\" content=\"2020-09-08T12:25:21+00:00\" \/>\n<meta property=\"article:modified_time\" content=\"2020-09-08T12:32:18+00:00\" \/>\n<meta property=\"og:image\" content=\"https:\/\/media.acninternational.org\/wp-content\/uploads\/2020\/09\/Asia-Bibi.jpg\" \/>\n\t<meta property=\"og:image:width\" content=\"1400\" \/>\n\t<meta property=\"og:image:height\" content=\"438\" \/>\n\t<meta property=\"og:image:type\" content=\"image\/jpeg\" \/>\n<meta name=\"author\" content=\"ACN Press Team\" \/>\n<meta name=\"twitter:card\" content=\"summary_large_image\" \/>\n<meta name=\"twitter:creator\" content=\"@acn_int\" \/>\n<meta name=\"twitter:site\" content=\"@acn_int\" \/>\n<meta name=\"twitter:label1\" content=\"Verfasst von\" \/>\n\t<meta name=\"twitter:data1\" content=\"ACN Press Team\" \/>\n\t<meta name=\"twitter:label2\" content=\"Gesch\u00e4tzte Lesezeit\" \/>\n\t<meta name=\"twitter:data2\" content=\"3\u00a0Minuten\" \/>\n<script type=\"application\/ld+json\" class=\"yoast-schema-graph\">{\"@context\":\"https:\\\/\\\/schema.org\",\"@graph\":[{\"@type\":\"Article\",\"@id\":\"https:\\\/\\\/acninternational.org\\\/de\\\/asia-bibi-fordert-im-acn-interview-den-pakistanischen-premierminister-imran-khan-auf-das-blasphemie-gesetz-zu-aendern-und-minderheiten-zu-schuetzen\\\/#article\",\"isPartOf\":{\"@id\":\"https:\\\/\\\/acninternational.org\\\/de\\\/asia-bibi-fordert-im-acn-interview-den-pakistanischen-premierminister-imran-khan-auf-das-blasphemie-gesetz-zu-aendern-und-minderheiten-zu-schuetzen\\\/\"},\"author\":{\"name\":\"ACN Press Team\",\"@id\":\"https:\\\/\\\/acninternational.org\\\/de\\\/#\\\/schema\\\/person\\\/7f3dafb236b242fb2aa46be1411fd703\"},\"headline\":\"Asia Bibi fordert im ACN-Interview den pakistanischen Premierminister Imran Khan auf, das Blasphemie-Gesetz zu \u00e4ndern und Minderheiten zu sch\u00fctzen\",\"datePublished\":\"2020-09-08T12:25:21+00:00\",\"dateModified\":\"2020-09-08T12:32:18+00:00\",\"mainEntityOfPage\":{\"@id\":\"https:\\\/\\\/acninternational.org\\\/de\\\/asia-bibi-fordert-im-acn-interview-den-pakistanischen-premierminister-imran-khan-auf-das-blasphemie-gesetz-zu-aendern-und-minderheiten-zu-schuetzen\\\/\"},\"wordCount\":605,\"publisher\":{\"@id\":\"https:\\\/\\\/acninternational.org\\\/de\\\/#organization\"},\"image\":{\"@id\":\"https:\\\/\\\/acninternational.org\\\/de\\\/asia-bibi-fordert-im-acn-interview-den-pakistanischen-premierminister-imran-khan-auf-das-blasphemie-gesetz-zu-aendern-und-minderheiten-zu-schuetzen\\\/#primaryimage\"},\"thumbnailUrl\":\"https:\\\/\\\/media.acninternational.org\\\/wp-content\\\/uploads\\\/2020\\\/09\\\/Asia-Bibi.jpg\",\"articleSection\":[\"Unkategorisiert\"],\"inLanguage\":\"de\"},{\"@type\":\"WebPage\",\"@id\":\"https:\\\/\\\/acninternational.org\\\/de\\\/asia-bibi-fordert-im-acn-interview-den-pakistanischen-premierminister-imran-khan-auf-das-blasphemie-gesetz-zu-aendern-und-minderheiten-zu-schuetzen\\\/\",\"url\":\"https:\\\/\\\/acninternational.org\\\/de\\\/asia-bibi-fordert-im-acn-interview-den-pakistanischen-premierminister-imran-khan-auf-das-blasphemie-gesetz-zu-aendern-und-minderheiten-zu-schuetzen\\\/\",\"name\":\"Asia Bibi fordert im ACN-Interview den pakistanischen Premierminister Imran Khan auf, das Blasphemie-Gesetz zu \u00e4ndern und Minderheiten zu sch\u00fctzen\",\"isPartOf\":{\"@id\":\"https:\\\/\\\/acninternational.org\\\/de\\\/#website\"},\"primaryImageOfPage\":{\"@id\":\"https:\\\/\\\/acninternational.org\\\/de\\\/asia-bibi-fordert-im-acn-interview-den-pakistanischen-premierminister-imran-khan-auf-das-blasphemie-gesetz-zu-aendern-und-minderheiten-zu-schuetzen\\\/#primaryimage\"},\"image\":{\"@id\":\"https:\\\/\\\/acninternational.org\\\/de\\\/asia-bibi-fordert-im-acn-interview-den-pakistanischen-premierminister-imran-khan-auf-das-blasphemie-gesetz-zu-aendern-und-minderheiten-zu-schuetzen\\\/#primaryimage\"},\"thumbnailUrl\":\"https:\\\/\\\/media.acninternational.org\\\/wp-content\\\/uploads\\\/2020\\\/09\\\/Asia-Bibi.jpg\",\"datePublished\":\"2020-09-08T12:25:21+00:00\",\"dateModified\":\"2020-09-08T12:32:18+00:00\",\"description\":\"In einem bewegenden Video-Interview mit dem P\u00e4pstlichen Hilfswerk Aid to the Church in Need\u00a0 (ACN) appelliert Asia Bibi an den pakistanischen Premierminister Imran Khan, Minderheiten zu verteidigen. Sie erinnert an das Drama zahlreicher pakistanischer minderj\u00e4hriger Frauen, die entf\u00fchrt, bekehrt und gewaltsam zur Heirat gezwungen wurden.\",\"breadcrumb\":{\"@id\":\"https:\\\/\\\/acninternational.org\\\/de\\\/asia-bibi-fordert-im-acn-interview-den-pakistanischen-premierminister-imran-khan-auf-das-blasphemie-gesetz-zu-aendern-und-minderheiten-zu-schuetzen\\\/#breadcrumb\"},\"inLanguage\":\"de\",\"potentialAction\":[{\"@type\":\"ReadAction\",\"target\":[\"https:\\\/\\\/acninternational.org\\\/de\\\/asia-bibi-fordert-im-acn-interview-den-pakistanischen-premierminister-imran-khan-auf-das-blasphemie-gesetz-zu-aendern-und-minderheiten-zu-schuetzen\\\/\"]}]},{\"@type\":\"ImageObject\",\"inLanguage\":\"de\",\"@id\":\"https:\\\/\\\/acninternational.org\\\/de\\\/asia-bibi-fordert-im-acn-interview-den-pakistanischen-premierminister-imran-khan-auf-das-blasphemie-gesetz-zu-aendern-und-minderheiten-zu-schuetzen\\\/#primaryimage\",\"url\":\"https:\\\/\\\/media.acninternational.org\\\/wp-content\\\/uploads\\\/2020\\\/09\\\/Asia-Bibi.jpg\",\"contentUrl\":\"https:\\\/\\\/media.acninternational.org\\\/wp-content\\\/uploads\\\/2020\\\/09\\\/Asia-Bibi.jpg\",\"width\":1400,\"height\":438},{\"@type\":\"BreadcrumbList\",\"@id\":\"https:\\\/\\\/acninternational.org\\\/de\\\/asia-bibi-fordert-im-acn-interview-den-pakistanischen-premierminister-imran-khan-auf-das-blasphemie-gesetz-zu-aendern-und-minderheiten-zu-schuetzen\\\/#breadcrumb\",\"itemListElement\":[{\"@type\":\"ListItem\",\"position\":1,\"name\":\"Home\",\"item\":\"https:\\\/\\\/acninternational.org\\\/de\\\/\"},{\"@type\":\"ListItem\",\"position\":2,\"name\":\"Nachricht\",\"item\":\"https:\\\/\\\/acninternational.org\\\/de\\\/category\\\/news-de\\\/\"},{\"@type\":\"ListItem\",\"position\":3,\"name\":\"Asia Bibi fordert im ACN-Interview den pakistanischen Premierminister Imran Khan auf, das Blasphemie-Gesetz zu \u00e4ndern und Minderheiten zu sch\u00fctzen\"}]},{\"@type\":\"WebSite\",\"@id\":\"https:\\\/\\\/acninternational.org\\\/de\\\/#website\",\"url\":\"https:\\\/\\\/acninternational.org\\\/de\\\/\",\"name\":\"ACN International\",\"description\":\"\",\"publisher\":{\"@id\":\"https:\\\/\\\/acninternational.org\\\/de\\\/#organization\"},\"potentialAction\":[{\"@type\":\"SearchAction\",\"target\":{\"@type\":\"EntryPoint\",\"urlTemplate\":\"https:\\\/\\\/acninternational.org\\\/de\\\/?s={search_term_string}\"},\"query-input\":{\"@type\":\"PropertyValueSpecification\",\"valueRequired\":true,\"valueName\":\"search_term_string\"}}],\"inLanguage\":\"de\"},{\"@type\":\"Organization\",\"@id\":\"https:\\\/\\\/acninternational.org\\\/de\\\/#organization\",\"name\":\"Aid to the Church in Need International\",\"url\":\"https:\\\/\\\/acninternational.org\\\/de\\\/\",\"logo\":{\"@type\":\"ImageObject\",\"inLanguage\":\"de\",\"@id\":\"https:\\\/\\\/acninternational.org\\\/de\\\/#\\\/schema\\\/logo\\\/image\\\/\",\"url\":\"https:\\\/\\\/media.acninternational.org\\\/wp-content\\\/uploads\\\/2019\\\/11\\\/acn_logo_blackvector.svg\",\"contentUrl\":\"https:\\\/\\\/media.acninternational.org\\\/wp-content\\\/uploads\\\/2019\\\/11\\\/acn_logo_blackvector.svg\",\"width\":232.6,\"height\":78,\"caption\":\"Aid to the Church in Need International\"},\"image\":{\"@id\":\"https:\\\/\\\/acninternational.org\\\/de\\\/#\\\/schema\\\/logo\\\/image\\\/\"},\"sameAs\":[\"https:\\\/\\\/www.facebook.com\\\/acninternationalorg\",\"https:\\\/\\\/x.com\\\/acn_int\",\"https:\\\/\\\/www.youtube.com\\\/channel\\\/UCQ-077gS0TnVzkhHmf1opZw\",\"https:\\\/\\\/www.instagram.com\\\/acn_international\\\/\"]},{\"@type\":\"Person\",\"@id\":\"https:\\\/\\\/acninternational.org\\\/de\\\/#\\\/schema\\\/person\\\/7f3dafb236b242fb2aa46be1411fd703\",\"name\":\"ACN Press Team\",\"description\":\"Lorem ipsum dolor sit amet, consectetur adipiscing elit, sed do eiusmod tempor incididunt ut labore et dolore magna aliqua. Ut enim ad minim veniam, quis nostrud exercitation ullamco laboris nisi ut aliquip ex ea commodo consequat.\",\"url\":\"https:\\\/\\\/acninternational.org\\\/de\\\/author\\\/acn-press-team\\\/\"}]}<\/script>\n<!-- \/ Yoast SEO Premium plugin. -->","yoast_head_json":{"title":"Asia Bibi fordert im ACN-Interview den pakistanischen Premierminister Imran Khan auf, das Blasphemie-Gesetz zu \u00e4ndern und Minderheiten zu sch\u00fctzen","description":"In einem bewegenden Video-Interview mit dem P\u00e4pstlichen Hilfswerk Aid to the Church in Need\u00a0 (ACN) appelliert Asia Bibi an den pakistanischen Premierminister Imran Khan, Minderheiten zu verteidigen. Sie erinnert an das Drama zahlreicher pakistanischer minderj\u00e4hriger Frauen, die entf\u00fchrt, bekehrt und gewaltsam zur Heirat gezwungen wurden.","robots":{"index":"index","follow":"follow","max-snippet":"max-snippet:-1","max-image-preview":"max-image-preview:large","max-video-preview":"max-video-preview:-1"},"canonical":"https:\/\/acninternational.org\/de\/asia-bibi-fordert-im-acn-interview-den-pakistanischen-premierminister-imran-khan-auf-das-blasphemie-gesetz-zu-aendern-und-minderheiten-zu-schuetzen\/","og_locale":"de_DE","og_type":"article","og_title":"Asia Bibi fordert im ACN-Interview den pakistanischen Premierminister Imran Khan auf, das Blasphemie-Gesetz zu \u00e4ndern und Minderheiten zu sch\u00fctzen","og_description":"In einem bewegenden Video-Interview mit dem P\u00e4pstlichen Hilfswerk Aid to the Church in Need\u00a0 (ACN) appelliert Asia Bibi an den pakistanischen Premierminister Imran Khan, Minderheiten zu verteidigen. Sie erinnert an das Drama zahlreicher pakistanischer minderj\u00e4hriger Frauen, die entf\u00fchrt, bekehrt und gewaltsam zur Heirat gezwungen wurden.","og_url":"https:\/\/acninternational.org\/de\/asia-bibi-fordert-im-acn-interview-den-pakistanischen-premierminister-imran-khan-auf-das-blasphemie-gesetz-zu-aendern-und-minderheiten-zu-schuetzen\/","og_site_name":"ACN International","article_publisher":"https:\/\/www.facebook.com\/acninternationalorg","article_published_time":"2020-09-08T12:25:21+00:00","article_modified_time":"2020-09-08T12:32:18+00:00","og_image":[{"width":1400,"height":438,"url":"https:\/\/media.acninternational.org\/wp-content\/uploads\/2020\/09\/Asia-Bibi.jpg","type":"image\/jpeg"}],"author":"ACN Press Team","twitter_card":"summary_large_image","twitter_creator":"@acn_int","twitter_site":"@acn_int","twitter_misc":{"Verfasst von":"ACN Press Team","Gesch\u00e4tzte Lesezeit":"3\u00a0Minuten"},"schema":{"@context":"https:\/\/schema.org","@graph":[{"@type":"Article","@id":"https:\/\/acninternational.org\/de\/asia-bibi-fordert-im-acn-interview-den-pakistanischen-premierminister-imran-khan-auf-das-blasphemie-gesetz-zu-aendern-und-minderheiten-zu-schuetzen\/#article","isPartOf":{"@id":"https:\/\/acninternational.org\/de\/asia-bibi-fordert-im-acn-interview-den-pakistanischen-premierminister-imran-khan-auf-das-blasphemie-gesetz-zu-aendern-und-minderheiten-zu-schuetzen\/"},"author":{"name":"ACN Press Team","@id":"https:\/\/acninternational.org\/de\/#\/schema\/person\/7f3dafb236b242fb2aa46be1411fd703"},"headline":"Asia Bibi fordert im ACN-Interview den pakistanischen Premierminister Imran Khan auf, das Blasphemie-Gesetz zu \u00e4ndern und Minderheiten zu sch\u00fctzen","datePublished":"2020-09-08T12:25:21+00:00","dateModified":"2020-09-08T12:32:18+00:00","mainEntityOfPage":{"@id":"https:\/\/acninternational.org\/de\/asia-bibi-fordert-im-acn-interview-den-pakistanischen-premierminister-imran-khan-auf-das-blasphemie-gesetz-zu-aendern-und-minderheiten-zu-schuetzen\/"},"wordCount":605,"publisher":{"@id":"https:\/\/acninternational.org\/de\/#organization"},"image":{"@id":"https:\/\/acninternational.org\/de\/asia-bibi-fordert-im-acn-interview-den-pakistanischen-premierminister-imran-khan-auf-das-blasphemie-gesetz-zu-aendern-und-minderheiten-zu-schuetzen\/#primaryimage"},"thumbnailUrl":"https:\/\/media.acninternational.org\/wp-content\/uploads\/2020\/09\/Asia-Bibi.jpg","articleSection":["Unkategorisiert"],"inLanguage":"de"},{"@type":"WebPage","@id":"https:\/\/acninternational.org\/de\/asia-bibi-fordert-im-acn-interview-den-pakistanischen-premierminister-imran-khan-auf-das-blasphemie-gesetz-zu-aendern-und-minderheiten-zu-schuetzen\/","url":"https:\/\/acninternational.org\/de\/asia-bibi-fordert-im-acn-interview-den-pakistanischen-premierminister-imran-khan-auf-das-blasphemie-gesetz-zu-aendern-und-minderheiten-zu-schuetzen\/","name":"Asia Bibi fordert im ACN-Interview den pakistanischen Premierminister Imran Khan auf, das Blasphemie-Gesetz zu \u00e4ndern und Minderheiten zu sch\u00fctzen","isPartOf":{"@id":"https:\/\/acninternational.org\/de\/#website"},"primaryImageOfPage":{"@id":"https:\/\/acninternational.org\/de\/asia-bibi-fordert-im-acn-interview-den-pakistanischen-premierminister-imran-khan-auf-das-blasphemie-gesetz-zu-aendern-und-minderheiten-zu-schuetzen\/#primaryimage"},"image":{"@id":"https:\/\/acninternational.org\/de\/asia-bibi-fordert-im-acn-interview-den-pakistanischen-premierminister-imran-khan-auf-das-blasphemie-gesetz-zu-aendern-und-minderheiten-zu-schuetzen\/#primaryimage"},"thumbnailUrl":"https:\/\/media.acninternational.org\/wp-content\/uploads\/2020\/09\/Asia-Bibi.jpg","datePublished":"2020-09-08T12:25:21+00:00","dateModified":"2020-09-08T12:32:18+00:00","description":"In einem bewegenden Video-Interview mit dem P\u00e4pstlichen Hilfswerk Aid to the Church in Need\u00a0 (ACN) appelliert Asia Bibi an den pakistanischen Premierminister Imran Khan, Minderheiten zu verteidigen. Sie erinnert an das Drama zahlreicher pakistanischer minderj\u00e4hriger Frauen, die entf\u00fchrt, bekehrt und gewaltsam zur Heirat gezwungen wurden.","breadcrumb":{"@id":"https:\/\/acninternational.org\/de\/asia-bibi-fordert-im-acn-interview-den-pakistanischen-premierminister-imran-khan-auf-das-blasphemie-gesetz-zu-aendern-und-minderheiten-zu-schuetzen\/#breadcrumb"},"inLanguage":"de","potentialAction":[{"@type":"ReadAction","target":["https:\/\/acninternational.org\/de\/asia-bibi-fordert-im-acn-interview-den-pakistanischen-premierminister-imran-khan-auf-das-blasphemie-gesetz-zu-aendern-und-minderheiten-zu-schuetzen\/"]}]},{"@type":"ImageObject","inLanguage":"de","@id":"https:\/\/acninternational.org\/de\/asia-bibi-fordert-im-acn-interview-den-pakistanischen-premierminister-imran-khan-auf-das-blasphemie-gesetz-zu-aendern-und-minderheiten-zu-schuetzen\/#primaryimage","url":"https:\/\/media.acninternational.org\/wp-content\/uploads\/2020\/09\/Asia-Bibi.jpg","contentUrl":"https:\/\/media.acninternational.org\/wp-content\/uploads\/2020\/09\/Asia-Bibi.jpg","width":1400,"height":438},{"@type":"BreadcrumbList","@id":"https:\/\/acninternational.org\/de\/asia-bibi-fordert-im-acn-interview-den-pakistanischen-premierminister-imran-khan-auf-das-blasphemie-gesetz-zu-aendern-und-minderheiten-zu-schuetzen\/#breadcrumb","itemListElement":[{"@type":"ListItem","position":1,"name":"Home","item":"https:\/\/acninternational.org\/de\/"},{"@type":"ListItem","position":2,"name":"Nachricht","item":"https:\/\/acninternational.org\/de\/category\/news-de\/"},{"@type":"ListItem","position":3,"name":"Asia Bibi fordert im ACN-Interview den pakistanischen Premierminister Imran Khan auf, das Blasphemie-Gesetz zu \u00e4ndern und Minderheiten zu sch\u00fctzen"}]},{"@type":"WebSite","@id":"https:\/\/acninternational.org\/de\/#website","url":"https:\/\/acninternational.org\/de\/","name":"ACN International","description":"","publisher":{"@id":"https:\/\/acninternational.org\/de\/#organization"},"potentialAction":[{"@type":"SearchAction","target":{"@type":"EntryPoint","urlTemplate":"https:\/\/acninternational.org\/de\/?s={search_term_string}"},"query-input":{"@type":"PropertyValueSpecification","valueRequired":true,"valueName":"search_term_string"}}],"inLanguage":"de"},{"@type":"Organization","@id":"https:\/\/acninternational.org\/de\/#organization","name":"Aid to the Church in Need International","url":"https:\/\/acninternational.org\/de\/","logo":{"@type":"ImageObject","inLanguage":"de","@id":"https:\/\/acninternational.org\/de\/#\/schema\/logo\/image\/","url":"https:\/\/media.acninternational.org\/wp-content\/uploads\/2019\/11\/acn_logo_blackvector.svg","contentUrl":"https:\/\/media.acninternational.org\/wp-content\/uploads\/2019\/11\/acn_logo_blackvector.svg","width":232.6,"height":78,"caption":"Aid to the Church in Need International"},"image":{"@id":"https:\/\/acninternational.org\/de\/#\/schema\/logo\/image\/"},"sameAs":["https:\/\/www.facebook.com\/acninternationalorg","https:\/\/x.com\/acn_int","https:\/\/www.youtube.com\/channel\/UCQ-077gS0TnVzkhHmf1opZw","https:\/\/www.instagram.com\/acn_international\/"]},{"@type":"Person","@id":"https:\/\/acninternational.org\/de\/#\/schema\/person\/7f3dafb236b242fb2aa46be1411fd703","name":"ACN Press Team","description":"Lorem ipsum dolor sit amet, consectetur adipiscing elit, sed do eiusmod tempor incididunt ut labore et dolore magna aliqua. Ut enim ad minim veniam, quis nostrud exercitation ullamco laboris nisi ut aliquip ex ea commodo consequat.","url":"https:\/\/acninternational.org\/de\/author\/acn-press-team\/"}]}},"_links":{"self":[{"href":"https:\/\/acninternational.org\/de\/wp-json\/wp\/v2\/posts\/142709","targetHints":{"allow":["GET"]}}],"collection":[{"href":"https:\/\/acninternational.org\/de\/wp-json\/wp\/v2\/posts"}],"about":[{"href":"https:\/\/acninternational.org\/de\/wp-json\/wp\/v2\/types\/post"}],"author":[{"embeddable":true,"href":"https:\/\/acninternational.org\/de\/wp-json\/wp\/v2\/users\/4258341447"}],"replies":[{"embeddable":true,"href":"https:\/\/acninternational.org\/de\/wp-json\/wp\/v2\/comments?post=142709"}],"version-history":[{"count":0,"href":"https:\/\/acninternational.org\/de\/wp-json\/wp\/v2\/posts\/142709\/revisions"}],"wp:featuredmedia":[{"embeddable":true,"href":"https:\/\/acninternational.org\/de\/wp-json\/wp\/v2\/media\/142737"}],"wp:attachment":[{"href":"https:\/\/acninternational.org\/de\/wp-json\/wp\/v2\/media?parent=142709"}],"wp:term":[{"taxonomy":"category","embeddable":true,"href":"https:\/\/acninternational.org\/de\/wp-json\/wp\/v2\/categories?post=142709"},{"taxonomy":"post_tag","embeddable":true,"href":"https:\/\/acninternational.org\/de\/wp-json\/wp\/v2\/tags?post=142709"},{"taxonomy":"country","embeddable":true,"href":"https:\/\/acninternational.org\/de\/wp-json\/wp\/v2\/country?post=142709"}],"curies":[{"name":"wp","href":"https:\/\/api.w.org\/{rel}","templated":true}]}}