{"id":142526,"date":"2020-09-03T11:23:25","date_gmt":"2020-09-03T09:23:25","guid":{"rendered":"https:\/\/acninternational.org\/?p=142526"},"modified":"2020-09-03T11:29:09","modified_gmt":"2020-09-03T09:29:09","slug":"ein-pakistanischer-katholik-verbrachte-fuenf-jahre-im-gefaengnis-fuer-einen-mord-den-er-nicht-begangen-hat","status":"publish","type":"post","link":"https:\/\/acninternational.org\/de\/ein-pakistanischer-katholik-verbrachte-fuenf-jahre-im-gefaengnis-fuer-einen-mord-den-er-nicht-begangen-hat\/","title":{"rendered":"Ein pakistanischer Katholik verbrachte f\u00fcnf Jahre im Gef\u00e4ngnis f\u00fcr einen Mord, den er nicht begangen hat"},"content":{"rendered":"<p><strong>Nach seiner Freilassung teilt er sein Zeugnis mit ACN<\/strong><\/p>\n<p><em>Vor einigen Monaten berichtete Aid to the Church in Need (ACN) von vierzig christlichen M\u00e4nnern, die Ende Januar 2020 nach fast f\u00fcnf Jahren Gef\u00e4ngnis freigelassen wurden. Sie waren willk\u00fcrlich beschuldigt worden, am Lynchmord an zwei muslimischen M\u00e4nnern beteiligt gewesen zu sein. Der Lynchmord ereignete sich im Laufe der Unruhen, die durch zwei gleichzeitige Selbstmordattentate auf die Johanneskirche und die Christuskirche in Youhanabad, dem christlichen Viertel von Lahore, Hauptstadt der Provinz Punjab in Pakistan verursacht worden waren. Die Anschl\u00e4ge wurden am 15. M\u00e4rz 2015 ver\u00fcbt, und forderten mindestens 20 Tote und 80 Verletzte. Einer der Christen, der wegen des Lynchmords an den beiden Muslimen inhaftiert wurde, war Amjad Arif, ein Autorikscha-Fahrer [eine Autorikscha ist eine dreir\u00e4drige motorisierte Version der traditionellen Rikscha] aus Lahore. Amjad, Vater von zwei S\u00f6hnen und einer Tochter, hat ACN von seinem Leiden berichtet, nachdem er 2015 zu Unrecht wegen der angeblichen Teilnahme am Lynchmord verhaftet worden war.<\/em><\/p>\n<p>\u201eWir lieben unser kleines Haus in Youhanabad mit seiner christlichen Umgebung. Es besteht ein deutlicher Unterschied zum Rest der Stadt, wo es z.B. zu Weihnachten oder Ostern keine Feste oder Musik gibt. Nasreen, meine Frau, k\u00fcmmert sich um unsere alten Eltern, und besucht regelm\u00e4\u00dfig die Sonntagsmesse mit unseren Kindern in der katholischen Johanneskirche.<\/p>\n<p>Ich f\u00fchrte ein gutes Leben, bis am 15. M\u00e4rz 2015 die Kirchen angegriffen wurden. Ich befand mich am Lkw-Terminal, wo ich Passagiere absetzte, als mein Schwiegervater mich anrief und \u00fcber den Terroranschlag informierte. Ich rief sofort meine Frau an, aber das Mobilfunknetz war in Youhanabad gesperrt. Mein Herz klopfte wie verr\u00fcckt. Ich fuhr so schnell ich konnte nach Hause zur\u00fcck, aber der Eingang zu unserer Wohnsiedlung wurde von Demonstranten blockiert, die sich um zwei verbrannte K\u00f6rper gruppierten. Die Nachrichtensender \u00fcbertrugen die Trag\u00f6die live.<\/p>\n<p>Ich nahm einen anderen Weg zu unserer Siedlung und parkte meine Rikscha. Als ich auf der Stra\u00dfe an den Kameras vorbeikam, filmte mich ein Kameramann. Drohnen mit Kameras flogen um uns herum wie Fliegen. Ein paar Tage sp\u00e4ter wurde ich verhaftet, gleich um die Ecke. Mein j\u00fcngerer Bruder, der als Tagel\u00f6hner arbeitet, wurde zwei Wochen sp\u00e4ter festgenommen.<\/p>\n<p>Auf der Polizeistation wurden wir von den Beamten beleidigt, geohrfeigt und mit Kn\u00fcppeln gefoltert. Sie beschuldigten uns, die beiden Muslime verbrannt zu haben. Drei von uns wurden die Rosenkr\u00e4nze abgenommen und auf den Boden geworfen. Wir wurden gezwungen, uns zwischen dem \u00dcbertritt zum Islam oder der Inhaftierung f\u00fcr den Mord an zwei M\u00e4nnern zu entscheiden. Ein 25-j\u00e4hriger Christ, ebenfalls wegen Lynchmordes verhaftet, konvertierte zum Islam und wurde nach drei Stunden freigelassen. Wir standen fest in unserem Glauben an den lebendigen Gott.<\/p>\n<figure id=\"attachment_142516\" aria-describedby=\"caption-attachment-142516\" style=\"width: 670px\" class=\"wp-caption alignnone\"><img loading=\"lazy\" decoding=\"async\" class=\"wp-image-142516 size-full\" src=\"https:\/\/media.acninternational.org\/wp-content\/uploads\/2020\/09\/Pakistan.jpg\" alt=\"Amjad Arif, ein pakistanischer Katholik, der nach f\u00fcnf Jahren Gef\u00e4ngnis f\u00fcr einen Mord, den er nicht begangen hat, mit seiner Familie freigelassen wurde. Er ist einer von 40 ehemaligen Gefangenen und ihren Familien und Freunden nach einer Messe in der Herz-Jesu-Kathedrale von Lahore anl\u00e4sslich ihrer von Erzbischof Sebastian Shaw gefeierten Freilassung. Sie sind am 29. Januar 2020 aus dem Gef\u00e4ngnis entlassen worden. \" width=\"670\" height=\"400\" srcset=\"https:\/\/media.acninternational.org\/wp-content\/uploads\/2020\/09\/Pakistan.jpg 670w, https:\/\/media.acninternational.org\/wp-content\/uploads\/2020\/09\/Pakistan-300x179.jpg 300w\" sizes=\"auto, (max-width: 670px) 100vw, 670px\" \/><figcaption id=\"caption-attachment-142516\" class=\"wp-caption-text\">Amjad Arif, ein pakistanischer Katholik, der nach f\u00fcnf Jahren Gef\u00e4ngnis f\u00fcr einen Mord, den er nicht begangen hat, mit seiner Familie freigelassen wurde. Er ist einer von 40 ehemaligen Gefangenen und ihren Familien und Freunden nach einer Messe in der Herz-Jesu-Kathedrale von Lahore anl\u00e4sslich ihrer von Erzbischof Sebastian Shaw gefeierten Freilassung. Sie sind am 29. Januar 2020 aus dem Gef\u00e4ngnis entlassen worden.<\/figcaption><\/figure>\n<p>Am ersten Tag im Gef\u00e4ngnis wurden alle christlichen H\u00e4ftlinge in derselben Baracke eingesperrt. Nach dem Appell am Morgen beteten wir eine Stunde lang in einem Kreis. Nach 20 Uhr betete jeder von uns f\u00fcr sich allein, w\u00e4hrend wir in unseren jeweiligen Zellen eingesperrt waren. Wurde ein christlicher Gefangener krank, so erhielt er keine angemessene medizinische Versorgung. Zwei von uns starben in dem Gef\u00e4ngnis.<\/p>\n<p>Der Direktor der Nationalen Kommission f\u00fcr \u201eGerechtigkeit und Frieden\u201c der Pakistanischen Bischofskonferenz (NCJP), Pater Emmanuel Yousaf Mani, betete f\u00fcr unsere Freilassung und f\u00fcr Barmherzigkeit in den Herzen der Richter. Das NJPC-Team sowie weitere NGOs besuchten uns regelm\u00e4\u00dfig. Sie begleiteten uns au\u00dferdem bei den Anh\u00f6rungen vor dem Anti-Terrorismus-Gericht.<\/p>\n<p>Nasreen, die als Hausangestellte arbeitete, verkaufte meine Autorikscha drei Jahre sp\u00e4ter, um die Behandlung meines alten Vaters zu bezahlen. Er lag nach einem Herzinfarkt 15 Tage lang im Krankenhaus. Jedes Jahr zu Weihnachten schenkte der NCJP Nasreen 15.000 Rupien (90 Dollar). Eine andere NGO \u00fcbernahm die Kosten f\u00fcr die Ausbildung meiner Kinder.<\/p>\n<p>Am 29. Januar 2020 wurden um 23 Uhr vierzig von uns freigelassen. Pastor Anwar Fazal, der beliebteste christliche Fernsehprediger des Landes, zahlte der Familie der beiden gelynchten muslimischen M\u00e4nner eine Entsch\u00e4digung von 25 Millionen Rupien (etwa 150.000 Dollar) f\u00fcr unsere Freiheit. Mein Vater verteilte am n\u00e4chsten Tag kostenlos Lebensmittel. Wir erhielten Hilfe von verschiedenen Organisationen, um wieder ein Leben in Freiheit f\u00fchren zu k\u00f6nnen.<\/p>\n<p>Aus Angst vor der Rache der Familien der beiden bei dem Lynchmord get\u00f6teten Muslime blieb ich drei Monate lang zu Hause. Schlie\u00dflich kaufte ich eine Autorikscha auf Raten. Eines Nachmittags stahlen drei Passagiere mein Fahrzeug und lie\u00dfen mich an einen Baum in der N\u00e4he einer benachbarten Stadt gefesselt zur\u00fcck, nachdem sie versucht hatten, mich mit meinem eigenen Schal zu erw\u00fcrgen. In dieser Nacht regnete es. Niemand war in der N\u00e4he. Ich l\u00f6ste die Fesseln und rannte zu drei verschiedenen Polizeistationen, bevor ich die richtige erreichte. Meine Augen waren blutrot und mein Gesicht war geschwollen. Nach drei Stunden kehrte ich nach Hause zur\u00fcck. Jetzt muss ich meine Stimme zum Sprechen zwingen, weil ich immer noch Schmerzen habe. Handelte es sich um die Rache der Familien der Opfer? Ich wei\u00df es nicht. W\u00e4hrend ich darauf warte, eine neue Rikscha zu erwerben, danke ich Gott f\u00fcr das Geschenk des Lebens. Ich liebe meine Kinder wirklich, ich lebe f\u00fcr sie.\u201c<\/p>\n<p><strong><em>ACN unterst\u00fctzt jedes Jahr Projekte der Nationalen Kommission f\u00fcr \u201eGerechtigkeit und Frieden\u201c der <\/em><\/strong><strong><em>Pakistanischen Bischofskonferenz<\/em><\/strong><strong><em> in Lahore f\u00fcr Opfer und Familien, die von Terrorakten und sozialer Ungerechtigkeit betroffen sind. <\/em><\/strong><\/p>\n","protected":false},"excerpt":{"rendered":"<p>Nach seiner Freilassung teilt er sein Zeugnis mit ACN Vor einigen Monaten berichtete Aid to the Church in Need (ACN)<\/p>\n","protected":false},"author":4258341447,"featured_media":142512,"comment_status":"closed","ping_status":"closed","sticky":false,"template":"","format":"standard","meta":{"_acf_changed":false,"_acn_coauthor_ids":[],"footnotes":""},"categories":[234],"tags":[],"country":[104],"class_list":["post-142526","post","type-post","status-publish","format-standard","has-post-thumbnail","hentry","category-unkategorisiert","country-pakistan"],"acn_coauthors":[],"acf":[],"yoast_head":"<!-- This site is optimized with the Yoast SEO Premium plugin v27.3 (Yoast SEO v27.3) - https:\/\/yoast.com\/product\/yoast-seo-premium-wordpress\/ -->\n<title>Ein pakistanischer Katholik verbrachte f\u00fcnf Jahre im Gef\u00e4ngnis f\u00fcr einen Mord, den er nicht begangen hat<\/title>\n<meta name=\"description\" content=\"Vor einigen Monaten berichtete Aid to the Church in Need (ACN) von vierzig christlichen M\u00e4nnern, die Ende Januar 2020 nach fast f\u00fcnf Jahren Gef\u00e4ngnis freigelassen wurden. Sie waren willk\u00fcrlich beschuldigt worden, am Lynchmord an zwei muslimischen M\u00e4nnern beteiligt gewesen zu sein. Der Lynchmord ereignete sich im Laufe der Unruhen, die durch zwei gleichzeitige Selbstmordattentate auf die Johanneskirche und die Christuskirche in Youhanabad, dem christlichen Viertel von Lahore, Hauptstadt der Provinz Punjab in Pakistan verursacht worden waren. Die Anschl\u00e4ge wurden am 15. M\u00e4rz 2015 ver\u00fcbt, und forderten mindestens 20 Tote und 80 Verletzte. Einer der Christen, der wegen des Lynchmords an den beiden Muslimen inhaftiert wurde, war Amjad Arif, ein Autorikscha-Fahrer [eine Autorikscha ist eine dreir\u00e4drige motorisierte Version der traditionellen Rikscha] aus Lahore. Amjad, Vater von zwei S\u00f6hnen und einer Tochter, hat ACN von seinem Leiden berichtet, nachdem er 2015 zu Unrecht wegen der angeblichen Teilnahme am Lynchmord verhaftet worden war.\" \/>\n<meta name=\"robots\" content=\"index, follow, max-snippet:-1, max-image-preview:large, max-video-preview:-1\" \/>\n<link rel=\"canonical\" href=\"https:\/\/acninternational.org\/de\/ein-pakistanischer-katholik-verbrachte-fuenf-jahre-im-gefaengnis-fuer-einen-mord-den-er-nicht-begangen-hat\/\" \/>\n<meta property=\"og:locale\" content=\"de_DE\" \/>\n<meta property=\"og:type\" content=\"article\" \/>\n<meta property=\"og:title\" content=\"Ein pakistanischer Katholik verbrachte f\u00fcnf Jahre im Gef\u00e4ngnis f\u00fcr einen Mord, den er nicht begangen hat\" \/>\n<meta property=\"og:description\" content=\"Vor einigen Monaten berichtete Aid to the Church in Need (ACN) von vierzig christlichen M\u00e4nnern, die Ende Januar 2020 nach fast f\u00fcnf Jahren Gef\u00e4ngnis freigelassen wurden. Sie waren willk\u00fcrlich beschuldigt worden, am Lynchmord an zwei muslimischen M\u00e4nnern beteiligt gewesen zu sein. Der Lynchmord ereignete sich im Laufe der Unruhen, die durch zwei gleichzeitige Selbstmordattentate auf die Johanneskirche und die Christuskirche in Youhanabad, dem christlichen Viertel von Lahore, Hauptstadt der Provinz Punjab in Pakistan verursacht worden waren. Die Anschl\u00e4ge wurden am 15. M\u00e4rz 2015 ver\u00fcbt, und forderten mindestens 20 Tote und 80 Verletzte. Einer der Christen, der wegen des Lynchmords an den beiden Muslimen inhaftiert wurde, war Amjad Arif, ein Autorikscha-Fahrer [eine Autorikscha ist eine dreir\u00e4drige motorisierte Version der traditionellen Rikscha] aus Lahore. Amjad, Vater von zwei S\u00f6hnen und einer Tochter, hat ACN von seinem Leiden berichtet, nachdem er 2015 zu Unrecht wegen der angeblichen Teilnahme am Lynchmord verhaftet worden war.\" \/>\n<meta property=\"og:url\" content=\"https:\/\/acninternational.org\/de\/ein-pakistanischer-katholik-verbrachte-fuenf-jahre-im-gefaengnis-fuer-einen-mord-den-er-nicht-begangen-hat\/\" \/>\n<meta property=\"og:site_name\" content=\"ACN International\" \/>\n<meta property=\"article:publisher\" content=\"https:\/\/www.facebook.com\/acninternationalorg\" \/>\n<meta property=\"article:published_time\" content=\"2020-09-03T09:23:25+00:00\" \/>\n<meta property=\"article:modified_time\" content=\"2020-09-03T09:29:09+00:00\" \/>\n<meta property=\"og:image\" content=\"https:\/\/media.acninternational.org\/wp-content\/uploads\/2020\/09\/Pakistan2.jpg\" \/>\n\t<meta property=\"og:image:width\" content=\"1400\" \/>\n\t<meta property=\"og:image:height\" content=\"438\" \/>\n\t<meta property=\"og:image:type\" content=\"image\/jpeg\" \/>\n<meta name=\"author\" content=\"ACN Press Team\" \/>\n<meta name=\"twitter:card\" content=\"summary_large_image\" \/>\n<meta name=\"twitter:creator\" content=\"@acn_int\" \/>\n<meta name=\"twitter:site\" content=\"@acn_int\" \/>\n<meta name=\"twitter:label1\" content=\"Verfasst von\" \/>\n\t<meta name=\"twitter:data1\" content=\"ACN Press Team\" \/>\n\t<meta name=\"twitter:label2\" content=\"Gesch\u00e4tzte Lesezeit\" \/>\n\t<meta name=\"twitter:data2\" content=\"5\u00a0Minuten\" \/>\n<script type=\"application\/ld+json\" class=\"yoast-schema-graph\">{\"@context\":\"https:\\\/\\\/schema.org\",\"@graph\":[{\"@type\":\"Article\",\"@id\":\"https:\\\/\\\/acninternational.org\\\/de\\\/ein-pakistanischer-katholik-verbrachte-fuenf-jahre-im-gefaengnis-fuer-einen-mord-den-er-nicht-begangen-hat\\\/#article\",\"isPartOf\":{\"@id\":\"https:\\\/\\\/acninternational.org\\\/de\\\/ein-pakistanischer-katholik-verbrachte-fuenf-jahre-im-gefaengnis-fuer-einen-mord-den-er-nicht-begangen-hat\\\/\"},\"author\":{\"name\":\"ACN Press Team\",\"@id\":\"https:\\\/\\\/acninternational.org\\\/de\\\/#\\\/schema\\\/person\\\/7f3dafb236b242fb2aa46be1411fd703\"},\"headline\":\"Ein pakistanischer Katholik verbrachte f\u00fcnf Jahre im Gef\u00e4ngnis f\u00fcr einen Mord, den er nicht begangen hat\",\"datePublished\":\"2020-09-03T09:23:25+00:00\",\"dateModified\":\"2020-09-03T09:29:09+00:00\",\"mainEntityOfPage\":{\"@id\":\"https:\\\/\\\/acninternational.org\\\/de\\\/ein-pakistanischer-katholik-verbrachte-fuenf-jahre-im-gefaengnis-fuer-einen-mord-den-er-nicht-begangen-hat\\\/\"},\"wordCount\":980,\"publisher\":{\"@id\":\"https:\\\/\\\/acninternational.org\\\/de\\\/#organization\"},\"image\":{\"@id\":\"https:\\\/\\\/acninternational.org\\\/de\\\/ein-pakistanischer-katholik-verbrachte-fuenf-jahre-im-gefaengnis-fuer-einen-mord-den-er-nicht-begangen-hat\\\/#primaryimage\"},\"thumbnailUrl\":\"https:\\\/\\\/media.acninternational.org\\\/wp-content\\\/uploads\\\/2020\\\/09\\\/Pakistan2.jpg\",\"articleSection\":[\"Unkategorisiert\"],\"inLanguage\":\"de\"},{\"@type\":\"WebPage\",\"@id\":\"https:\\\/\\\/acninternational.org\\\/de\\\/ein-pakistanischer-katholik-verbrachte-fuenf-jahre-im-gefaengnis-fuer-einen-mord-den-er-nicht-begangen-hat\\\/\",\"url\":\"https:\\\/\\\/acninternational.org\\\/de\\\/ein-pakistanischer-katholik-verbrachte-fuenf-jahre-im-gefaengnis-fuer-einen-mord-den-er-nicht-begangen-hat\\\/\",\"name\":\"Ein pakistanischer Katholik verbrachte f\u00fcnf Jahre im Gef\u00e4ngnis f\u00fcr einen Mord, den er nicht begangen hat\",\"isPartOf\":{\"@id\":\"https:\\\/\\\/acninternational.org\\\/de\\\/#website\"},\"primaryImageOfPage\":{\"@id\":\"https:\\\/\\\/acninternational.org\\\/de\\\/ein-pakistanischer-katholik-verbrachte-fuenf-jahre-im-gefaengnis-fuer-einen-mord-den-er-nicht-begangen-hat\\\/#primaryimage\"},\"image\":{\"@id\":\"https:\\\/\\\/acninternational.org\\\/de\\\/ein-pakistanischer-katholik-verbrachte-fuenf-jahre-im-gefaengnis-fuer-einen-mord-den-er-nicht-begangen-hat\\\/#primaryimage\"},\"thumbnailUrl\":\"https:\\\/\\\/media.acninternational.org\\\/wp-content\\\/uploads\\\/2020\\\/09\\\/Pakistan2.jpg\",\"datePublished\":\"2020-09-03T09:23:25+00:00\",\"dateModified\":\"2020-09-03T09:29:09+00:00\",\"description\":\"Vor einigen Monaten berichtete Aid to the Church in Need (ACN) von vierzig christlichen M\u00e4nnern, die Ende Januar 2020 nach fast f\u00fcnf Jahren Gef\u00e4ngnis freigelassen wurden. Sie waren willk\u00fcrlich beschuldigt worden, am Lynchmord an zwei muslimischen M\u00e4nnern beteiligt gewesen zu sein. Der Lynchmord ereignete sich im Laufe der Unruhen, die durch zwei gleichzeitige Selbstmordattentate auf die Johanneskirche und die Christuskirche in Youhanabad, dem christlichen Viertel von Lahore, Hauptstadt der Provinz Punjab in Pakistan verursacht worden waren. Die Anschl\u00e4ge wurden am 15. M\u00e4rz 2015 ver\u00fcbt, und forderten mindestens 20 Tote und 80 Verletzte. Einer der Christen, der wegen des Lynchmords an den beiden Muslimen inhaftiert wurde, war Amjad Arif, ein Autorikscha-Fahrer [eine Autorikscha ist eine dreir\u00e4drige motorisierte Version der traditionellen Rikscha] aus Lahore. Amjad, Vater von zwei S\u00f6hnen und einer Tochter, hat ACN von seinem Leiden berichtet, nachdem er 2015 zu Unrecht wegen der angeblichen Teilnahme am Lynchmord verhaftet worden war.\",\"breadcrumb\":{\"@id\":\"https:\\\/\\\/acninternational.org\\\/de\\\/ein-pakistanischer-katholik-verbrachte-fuenf-jahre-im-gefaengnis-fuer-einen-mord-den-er-nicht-begangen-hat\\\/#breadcrumb\"},\"inLanguage\":\"de\",\"potentialAction\":[{\"@type\":\"ReadAction\",\"target\":[\"https:\\\/\\\/acninternational.org\\\/de\\\/ein-pakistanischer-katholik-verbrachte-fuenf-jahre-im-gefaengnis-fuer-einen-mord-den-er-nicht-begangen-hat\\\/\"]}]},{\"@type\":\"ImageObject\",\"inLanguage\":\"de\",\"@id\":\"https:\\\/\\\/acninternational.org\\\/de\\\/ein-pakistanischer-katholik-verbrachte-fuenf-jahre-im-gefaengnis-fuer-einen-mord-den-er-nicht-begangen-hat\\\/#primaryimage\",\"url\":\"https:\\\/\\\/media.acninternational.org\\\/wp-content\\\/uploads\\\/2020\\\/09\\\/Pakistan2.jpg\",\"contentUrl\":\"https:\\\/\\\/media.acninternational.org\\\/wp-content\\\/uploads\\\/2020\\\/09\\\/Pakistan2.jpg\",\"width\":1400,\"height\":438},{\"@type\":\"BreadcrumbList\",\"@id\":\"https:\\\/\\\/acninternational.org\\\/de\\\/ein-pakistanischer-katholik-verbrachte-fuenf-jahre-im-gefaengnis-fuer-einen-mord-den-er-nicht-begangen-hat\\\/#breadcrumb\",\"itemListElement\":[{\"@type\":\"ListItem\",\"position\":1,\"name\":\"Home\",\"item\":\"https:\\\/\\\/acninternational.org\\\/de\\\/\"},{\"@type\":\"ListItem\",\"position\":2,\"name\":\"Nachricht\",\"item\":\"https:\\\/\\\/acninternational.org\\\/de\\\/category\\\/news-de\\\/\"},{\"@type\":\"ListItem\",\"position\":3,\"name\":\"Ein pakistanischer Katholik verbrachte f\u00fcnf Jahre im Gef\u00e4ngnis f\u00fcr einen Mord, den er nicht begangen hat\"}]},{\"@type\":\"WebSite\",\"@id\":\"https:\\\/\\\/acninternational.org\\\/de\\\/#website\",\"url\":\"https:\\\/\\\/acninternational.org\\\/de\\\/\",\"name\":\"ACN International\",\"description\":\"\",\"publisher\":{\"@id\":\"https:\\\/\\\/acninternational.org\\\/de\\\/#organization\"},\"potentialAction\":[{\"@type\":\"SearchAction\",\"target\":{\"@type\":\"EntryPoint\",\"urlTemplate\":\"https:\\\/\\\/acninternational.org\\\/de\\\/?s={search_term_string}\"},\"query-input\":{\"@type\":\"PropertyValueSpecification\",\"valueRequired\":true,\"valueName\":\"search_term_string\"}}],\"inLanguage\":\"de\"},{\"@type\":\"Organization\",\"@id\":\"https:\\\/\\\/acninternational.org\\\/de\\\/#organization\",\"name\":\"Aid to the Church in Need International\",\"url\":\"https:\\\/\\\/acninternational.org\\\/de\\\/\",\"logo\":{\"@type\":\"ImageObject\",\"inLanguage\":\"de\",\"@id\":\"https:\\\/\\\/acninternational.org\\\/de\\\/#\\\/schema\\\/logo\\\/image\\\/\",\"url\":\"https:\\\/\\\/media.acninternational.org\\\/wp-content\\\/uploads\\\/2019\\\/11\\\/acn_logo_blackvector.svg\",\"contentUrl\":\"https:\\\/\\\/media.acninternational.org\\\/wp-content\\\/uploads\\\/2019\\\/11\\\/acn_logo_blackvector.svg\",\"width\":232.6,\"height\":78,\"caption\":\"Aid to the Church in Need International\"},\"image\":{\"@id\":\"https:\\\/\\\/acninternational.org\\\/de\\\/#\\\/schema\\\/logo\\\/image\\\/\"},\"sameAs\":[\"https:\\\/\\\/www.facebook.com\\\/acninternationalorg\",\"https:\\\/\\\/x.com\\\/acn_int\",\"https:\\\/\\\/www.youtube.com\\\/channel\\\/UCQ-077gS0TnVzkhHmf1opZw\",\"https:\\\/\\\/www.instagram.com\\\/acn_international\\\/\"]},{\"@type\":\"Person\",\"@id\":\"https:\\\/\\\/acninternational.org\\\/de\\\/#\\\/schema\\\/person\\\/7f3dafb236b242fb2aa46be1411fd703\",\"name\":\"ACN Press Team\",\"description\":\"Lorem ipsum dolor sit amet, consectetur adipiscing elit, sed do eiusmod tempor incididunt ut labore et dolore magna aliqua. Ut enim ad minim veniam, quis nostrud exercitation ullamco laboris nisi ut aliquip ex ea commodo consequat.\",\"url\":\"https:\\\/\\\/acninternational.org\\\/de\\\/author\\\/acn-press-team\\\/\"}]}<\/script>\n<!-- \/ Yoast SEO Premium plugin. -->","yoast_head_json":{"title":"Ein pakistanischer Katholik verbrachte f\u00fcnf Jahre im Gef\u00e4ngnis f\u00fcr einen Mord, den er nicht begangen hat","description":"Vor einigen Monaten berichtete Aid to the Church in Need (ACN) von vierzig christlichen M\u00e4nnern, die Ende Januar 2020 nach fast f\u00fcnf Jahren Gef\u00e4ngnis freigelassen wurden. Sie waren willk\u00fcrlich beschuldigt worden, am Lynchmord an zwei muslimischen M\u00e4nnern beteiligt gewesen zu sein. Der Lynchmord ereignete sich im Laufe der Unruhen, die durch zwei gleichzeitige Selbstmordattentate auf die Johanneskirche und die Christuskirche in Youhanabad, dem christlichen Viertel von Lahore, Hauptstadt der Provinz Punjab in Pakistan verursacht worden waren. Die Anschl\u00e4ge wurden am 15. M\u00e4rz 2015 ver\u00fcbt, und forderten mindestens 20 Tote und 80 Verletzte. Einer der Christen, der wegen des Lynchmords an den beiden Muslimen inhaftiert wurde, war Amjad Arif, ein Autorikscha-Fahrer [eine Autorikscha ist eine dreir\u00e4drige motorisierte Version der traditionellen Rikscha] aus Lahore. Amjad, Vater von zwei S\u00f6hnen und einer Tochter, hat ACN von seinem Leiden berichtet, nachdem er 2015 zu Unrecht wegen der angeblichen Teilnahme am Lynchmord verhaftet worden war.","robots":{"index":"index","follow":"follow","max-snippet":"max-snippet:-1","max-image-preview":"max-image-preview:large","max-video-preview":"max-video-preview:-1"},"canonical":"https:\/\/acninternational.org\/de\/ein-pakistanischer-katholik-verbrachte-fuenf-jahre-im-gefaengnis-fuer-einen-mord-den-er-nicht-begangen-hat\/","og_locale":"de_DE","og_type":"article","og_title":"Ein pakistanischer Katholik verbrachte f\u00fcnf Jahre im Gef\u00e4ngnis f\u00fcr einen Mord, den er nicht begangen hat","og_description":"Vor einigen Monaten berichtete Aid to the Church in Need (ACN) von vierzig christlichen M\u00e4nnern, die Ende Januar 2020 nach fast f\u00fcnf Jahren Gef\u00e4ngnis freigelassen wurden. Sie waren willk\u00fcrlich beschuldigt worden, am Lynchmord an zwei muslimischen M\u00e4nnern beteiligt gewesen zu sein. Der Lynchmord ereignete sich im Laufe der Unruhen, die durch zwei gleichzeitige Selbstmordattentate auf die Johanneskirche und die Christuskirche in Youhanabad, dem christlichen Viertel von Lahore, Hauptstadt der Provinz Punjab in Pakistan verursacht worden waren. Die Anschl\u00e4ge wurden am 15. M\u00e4rz 2015 ver\u00fcbt, und forderten mindestens 20 Tote und 80 Verletzte. Einer der Christen, der wegen des Lynchmords an den beiden Muslimen inhaftiert wurde, war Amjad Arif, ein Autorikscha-Fahrer [eine Autorikscha ist eine dreir\u00e4drige motorisierte Version der traditionellen Rikscha] aus Lahore. Amjad, Vater von zwei S\u00f6hnen und einer Tochter, hat ACN von seinem Leiden berichtet, nachdem er 2015 zu Unrecht wegen der angeblichen Teilnahme am Lynchmord verhaftet worden war.","og_url":"https:\/\/acninternational.org\/de\/ein-pakistanischer-katholik-verbrachte-fuenf-jahre-im-gefaengnis-fuer-einen-mord-den-er-nicht-begangen-hat\/","og_site_name":"ACN International","article_publisher":"https:\/\/www.facebook.com\/acninternationalorg","article_published_time":"2020-09-03T09:23:25+00:00","article_modified_time":"2020-09-03T09:29:09+00:00","og_image":[{"width":1400,"height":438,"url":"https:\/\/media.acninternational.org\/wp-content\/uploads\/2020\/09\/Pakistan2.jpg","type":"image\/jpeg"}],"author":"ACN Press Team","twitter_card":"summary_large_image","twitter_creator":"@acn_int","twitter_site":"@acn_int","twitter_misc":{"Verfasst von":"ACN Press Team","Gesch\u00e4tzte Lesezeit":"5\u00a0Minuten"},"schema":{"@context":"https:\/\/schema.org","@graph":[{"@type":"Article","@id":"https:\/\/acninternational.org\/de\/ein-pakistanischer-katholik-verbrachte-fuenf-jahre-im-gefaengnis-fuer-einen-mord-den-er-nicht-begangen-hat\/#article","isPartOf":{"@id":"https:\/\/acninternational.org\/de\/ein-pakistanischer-katholik-verbrachte-fuenf-jahre-im-gefaengnis-fuer-einen-mord-den-er-nicht-begangen-hat\/"},"author":{"name":"ACN Press Team","@id":"https:\/\/acninternational.org\/de\/#\/schema\/person\/7f3dafb236b242fb2aa46be1411fd703"},"headline":"Ein pakistanischer Katholik verbrachte f\u00fcnf Jahre im Gef\u00e4ngnis f\u00fcr einen Mord, den er nicht begangen hat","datePublished":"2020-09-03T09:23:25+00:00","dateModified":"2020-09-03T09:29:09+00:00","mainEntityOfPage":{"@id":"https:\/\/acninternational.org\/de\/ein-pakistanischer-katholik-verbrachte-fuenf-jahre-im-gefaengnis-fuer-einen-mord-den-er-nicht-begangen-hat\/"},"wordCount":980,"publisher":{"@id":"https:\/\/acninternational.org\/de\/#organization"},"image":{"@id":"https:\/\/acninternational.org\/de\/ein-pakistanischer-katholik-verbrachte-fuenf-jahre-im-gefaengnis-fuer-einen-mord-den-er-nicht-begangen-hat\/#primaryimage"},"thumbnailUrl":"https:\/\/media.acninternational.org\/wp-content\/uploads\/2020\/09\/Pakistan2.jpg","articleSection":["Unkategorisiert"],"inLanguage":"de"},{"@type":"WebPage","@id":"https:\/\/acninternational.org\/de\/ein-pakistanischer-katholik-verbrachte-fuenf-jahre-im-gefaengnis-fuer-einen-mord-den-er-nicht-begangen-hat\/","url":"https:\/\/acninternational.org\/de\/ein-pakistanischer-katholik-verbrachte-fuenf-jahre-im-gefaengnis-fuer-einen-mord-den-er-nicht-begangen-hat\/","name":"Ein pakistanischer Katholik verbrachte f\u00fcnf Jahre im Gef\u00e4ngnis f\u00fcr einen Mord, den er nicht begangen hat","isPartOf":{"@id":"https:\/\/acninternational.org\/de\/#website"},"primaryImageOfPage":{"@id":"https:\/\/acninternational.org\/de\/ein-pakistanischer-katholik-verbrachte-fuenf-jahre-im-gefaengnis-fuer-einen-mord-den-er-nicht-begangen-hat\/#primaryimage"},"image":{"@id":"https:\/\/acninternational.org\/de\/ein-pakistanischer-katholik-verbrachte-fuenf-jahre-im-gefaengnis-fuer-einen-mord-den-er-nicht-begangen-hat\/#primaryimage"},"thumbnailUrl":"https:\/\/media.acninternational.org\/wp-content\/uploads\/2020\/09\/Pakistan2.jpg","datePublished":"2020-09-03T09:23:25+00:00","dateModified":"2020-09-03T09:29:09+00:00","description":"Vor einigen Monaten berichtete Aid to the Church in Need (ACN) von vierzig christlichen M\u00e4nnern, die Ende Januar 2020 nach fast f\u00fcnf Jahren Gef\u00e4ngnis freigelassen wurden. Sie waren willk\u00fcrlich beschuldigt worden, am Lynchmord an zwei muslimischen M\u00e4nnern beteiligt gewesen zu sein. Der Lynchmord ereignete sich im Laufe der Unruhen, die durch zwei gleichzeitige Selbstmordattentate auf die Johanneskirche und die Christuskirche in Youhanabad, dem christlichen Viertel von Lahore, Hauptstadt der Provinz Punjab in Pakistan verursacht worden waren. Die Anschl\u00e4ge wurden am 15. M\u00e4rz 2015 ver\u00fcbt, und forderten mindestens 20 Tote und 80 Verletzte. Einer der Christen, der wegen des Lynchmords an den beiden Muslimen inhaftiert wurde, war Amjad Arif, ein Autorikscha-Fahrer [eine Autorikscha ist eine dreir\u00e4drige motorisierte Version der traditionellen Rikscha] aus Lahore. Amjad, Vater von zwei S\u00f6hnen und einer Tochter, hat ACN von seinem Leiden berichtet, nachdem er 2015 zu Unrecht wegen der angeblichen Teilnahme am Lynchmord verhaftet worden war.","breadcrumb":{"@id":"https:\/\/acninternational.org\/de\/ein-pakistanischer-katholik-verbrachte-fuenf-jahre-im-gefaengnis-fuer-einen-mord-den-er-nicht-begangen-hat\/#breadcrumb"},"inLanguage":"de","potentialAction":[{"@type":"ReadAction","target":["https:\/\/acninternational.org\/de\/ein-pakistanischer-katholik-verbrachte-fuenf-jahre-im-gefaengnis-fuer-einen-mord-den-er-nicht-begangen-hat\/"]}]},{"@type":"ImageObject","inLanguage":"de","@id":"https:\/\/acninternational.org\/de\/ein-pakistanischer-katholik-verbrachte-fuenf-jahre-im-gefaengnis-fuer-einen-mord-den-er-nicht-begangen-hat\/#primaryimage","url":"https:\/\/media.acninternational.org\/wp-content\/uploads\/2020\/09\/Pakistan2.jpg","contentUrl":"https:\/\/media.acninternational.org\/wp-content\/uploads\/2020\/09\/Pakistan2.jpg","width":1400,"height":438},{"@type":"BreadcrumbList","@id":"https:\/\/acninternational.org\/de\/ein-pakistanischer-katholik-verbrachte-fuenf-jahre-im-gefaengnis-fuer-einen-mord-den-er-nicht-begangen-hat\/#breadcrumb","itemListElement":[{"@type":"ListItem","position":1,"name":"Home","item":"https:\/\/acninternational.org\/de\/"},{"@type":"ListItem","position":2,"name":"Nachricht","item":"https:\/\/acninternational.org\/de\/category\/news-de\/"},{"@type":"ListItem","position":3,"name":"Ein pakistanischer Katholik verbrachte f\u00fcnf Jahre im Gef\u00e4ngnis f\u00fcr einen Mord, den er nicht begangen hat"}]},{"@type":"WebSite","@id":"https:\/\/acninternational.org\/de\/#website","url":"https:\/\/acninternational.org\/de\/","name":"ACN International","description":"","publisher":{"@id":"https:\/\/acninternational.org\/de\/#organization"},"potentialAction":[{"@type":"SearchAction","target":{"@type":"EntryPoint","urlTemplate":"https:\/\/acninternational.org\/de\/?s={search_term_string}"},"query-input":{"@type":"PropertyValueSpecification","valueRequired":true,"valueName":"search_term_string"}}],"inLanguage":"de"},{"@type":"Organization","@id":"https:\/\/acninternational.org\/de\/#organization","name":"Aid to the Church in Need International","url":"https:\/\/acninternational.org\/de\/","logo":{"@type":"ImageObject","inLanguage":"de","@id":"https:\/\/acninternational.org\/de\/#\/schema\/logo\/image\/","url":"https:\/\/media.acninternational.org\/wp-content\/uploads\/2019\/11\/acn_logo_blackvector.svg","contentUrl":"https:\/\/media.acninternational.org\/wp-content\/uploads\/2019\/11\/acn_logo_blackvector.svg","width":232.6,"height":78,"caption":"Aid to the Church in Need International"},"image":{"@id":"https:\/\/acninternational.org\/de\/#\/schema\/logo\/image\/"},"sameAs":["https:\/\/www.facebook.com\/acninternationalorg","https:\/\/x.com\/acn_int","https:\/\/www.youtube.com\/channel\/UCQ-077gS0TnVzkhHmf1opZw","https:\/\/www.instagram.com\/acn_international\/"]},{"@type":"Person","@id":"https:\/\/acninternational.org\/de\/#\/schema\/person\/7f3dafb236b242fb2aa46be1411fd703","name":"ACN Press Team","description":"Lorem ipsum dolor sit amet, consectetur adipiscing elit, sed do eiusmod tempor incididunt ut labore et dolore magna aliqua. Ut enim ad minim veniam, quis nostrud exercitation ullamco laboris nisi ut aliquip ex ea commodo consequat.","url":"https:\/\/acninternational.org\/de\/author\/acn-press-team\/"}]}},"_links":{"self":[{"href":"https:\/\/acninternational.org\/de\/wp-json\/wp\/v2\/posts\/142526","targetHints":{"allow":["GET"]}}],"collection":[{"href":"https:\/\/acninternational.org\/de\/wp-json\/wp\/v2\/posts"}],"about":[{"href":"https:\/\/acninternational.org\/de\/wp-json\/wp\/v2\/types\/post"}],"author":[{"embeddable":true,"href":"https:\/\/acninternational.org\/de\/wp-json\/wp\/v2\/users\/4258341447"}],"replies":[{"embeddable":true,"href":"https:\/\/acninternational.org\/de\/wp-json\/wp\/v2\/comments?post=142526"}],"version-history":[{"count":0,"href":"https:\/\/acninternational.org\/de\/wp-json\/wp\/v2\/posts\/142526\/revisions"}],"wp:featuredmedia":[{"embeddable":true,"href":"https:\/\/acninternational.org\/de\/wp-json\/wp\/v2\/media\/142512"}],"wp:attachment":[{"href":"https:\/\/acninternational.org\/de\/wp-json\/wp\/v2\/media?parent=142526"}],"wp:term":[{"taxonomy":"category","embeddable":true,"href":"https:\/\/acninternational.org\/de\/wp-json\/wp\/v2\/categories?post=142526"},{"taxonomy":"post_tag","embeddable":true,"href":"https:\/\/acninternational.org\/de\/wp-json\/wp\/v2\/tags?post=142526"},{"taxonomy":"country","embeddable":true,"href":"https:\/\/acninternational.org\/de\/wp-json\/wp\/v2\/country?post=142526"}],"curies":[{"name":"wp","href":"https:\/\/api.w.org\/{rel}","templated":true}]}}