{"id":141425,"date":"2020-08-12T14:30:47","date_gmt":"2020-08-12T12:30:47","guid":{"rendered":"https:\/\/acninternational.org\/?p=141425"},"modified":"2020-08-12T16:10:46","modified_gmt":"2020-08-12T14:10:46","slug":"pakistan-weil-er-in-einem-muslimischen-stadtviertel-wohnte-wurde-ein-christ-getoetet","status":"publish","type":"post","link":"https:\/\/acninternational.org\/de\/pakistan-weil-er-in-einem-muslimischen-stadtviertel-wohnte-wurde-ein-christ-getoetet\/","title":{"rendered":"Pakistan: Weil er in einem muslimischen Stadtviertel wohnte, wurde ein Christ get\u00f6tet"},"content":{"rendered":"<p>Der j\u00fcngste Angriff auf einen Christen hat den Schmerz und die Angst unter den Christen in ganz Pakistan verst\u00e4rkt. Seit dem Ausbruch der Pandemie haben die F\u00e4lle religi\u00f6ser Gewalt und Diskriminierung gegen sie im Land zugenommen. Die Ermordung von Nadeem Joseph hat zu zahlreichen Protesten seitens der christlichen Gemeinschaft in Pakistan gef\u00fchrt. Einige vergleichen seinen Fall mit dem von George Floyd in den Vereinigten Staaten.<\/p>\n<p><img loading=\"lazy\" decoding=\"async\" class=\"alignnone size-full wp-image-141395\" src=\"https:\/\/media.acninternational.org\/wp-content\/uploads\/2020\/08\/acn_pakistan_Christian-man-murdered-02.jpg\" alt=\"\" width=\"670\" height=\"400\" srcset=\"https:\/\/media.acninternational.org\/wp-content\/uploads\/2020\/08\/acn_pakistan_Christian-man-murdered-02.jpg 670w, https:\/\/media.acninternational.org\/wp-content\/uploads\/2020\/08\/acn_pakistan_Christian-man-murdered-02-300x179.jpg 300w\" sizes=\"auto, (max-width: 670px) 100vw, 670px\" \/><\/p>\n<p>\u201eEs ist schrecklich. Ich kenne Nadeems Familie, weil sie zu denen geh\u00f6rt, die den Terroranschlag auf die Allerheiligenkirche im Jahr 2013 \u00fcberlebt haben, bei dem allerdings weitere Angeh\u00f6rige der Familie starben\u201c, erz\u00e4hlt Qamar Rafiq, ein Bekannter der Familie, im Gespr\u00e4ch mit dem internationalen Hilfswerk Aid to the Church in Need (ACN). \u201eDer Angriff auf Nadeems Familie zeigt, wie verletzlich die Christen in Pakistan sind und wie leicht sie Opfer von Gewalt werden k\u00f6nnen.\u201c<\/p>\n<p>\u201eNadeem kaufte im Mai ein Haus in der TV-Kolonie in Swati Gate, Peshawar. Er lebte mit seinen beiden Kindern, seiner Frau und seiner Schwiegermutter zusammen. Nadeems Familie wurde wiederholt von einem muslimischen Nachbarn schikaniert und bedroht. Er wollte ihn zwingen, das Stadtviertel zu verlassen und an einen anderen Ort zu ziehen, da dieser Ort \u201anicht f\u00fcr schmutzige Christen\u2019 sei\u201c, erkl\u00e4rt Rafiq.<\/p>\n<p><img loading=\"lazy\" decoding=\"async\" class=\"alignnone size-full wp-image-141413\" src=\"https:\/\/media.acninternational.org\/wp-content\/uploads\/2020\/08\/acn_pakistan_Christian-man-murdered-04.jpg\" alt=\"\" width=\"670\" height=\"400\" srcset=\"https:\/\/media.acninternational.org\/wp-content\/uploads\/2020\/08\/acn_pakistan_Christian-man-murdered-04.jpg 670w, https:\/\/media.acninternational.org\/wp-content\/uploads\/2020\/08\/acn_pakistan_Christian-man-murdered-04-300x179.jpg 300w\" sizes=\"auto, (max-width: 670px) 100vw, 670px\" \/><\/p>\n<p>\u201eAm 4. Juni bedrohten der Nachbar und seine Kinder wieder einmal Nadeems Familie. Sie forderten sie auf, die Gegend innerhalb von 24 Stunden zu verlassen oder sich darauf einzustellen, dass sie ernsthafte Konsequenzen zu tragen haben. Denn sie seien in ein muslimisches Viertel gezogen\u201c, sagt Rafiq. Nadeem informierte sofort die Polizei \u00fcber die anhaltenden Drohungen. Bevor sie jedoch eintreffen konnte, er\u00f6ffnete der Nachbar das Feuer auf Nadeem \u00a0und schoss dreimal auf ihn und auf zwei weitere Familienmitglieder, die ihm zu Hilfe eilten. \u201eNachbarn, die die Sch\u00fcsse h\u00f6rten, schlossen ihre T\u00fcren; niemand kam, um den Verletzten zu helfen oder einen Krankenwagen zu rufen\u201c, f\u00fcgt Rafiq hinzu. Nach mehreren Operationen im Lady Reading Nadeem Hospital starb Nadeem am 29. Juni.<\/p>\n<figure id=\"attachment_141401\" aria-describedby=\"caption-attachment-141401\" style=\"width: 670px\" class=\"wp-caption alignnone\"><img loading=\"lazy\" decoding=\"async\" class=\"wp-image-141401 size-full\" src=\"https:\/\/media.acninternational.org\/wp-content\/uploads\/2020\/08\/acn_pakistan_Christian-man-murdered-03.jpg\" alt=\"\" width=\"670\" height=\"400\" srcset=\"https:\/\/media.acninternational.org\/wp-content\/uploads\/2020\/08\/acn_pakistan_Christian-man-murdered-03.jpg 670w, https:\/\/media.acninternational.org\/wp-content\/uploads\/2020\/08\/acn_pakistan_Christian-man-murdered-03-300x179.jpg 300w\" sizes=\"auto, (max-width: 670px) 100vw, 670px\" \/><figcaption id=\"caption-attachment-141401\" class=\"wp-caption-text\">Mons. Joseph Arshad, presidente de la Conferencia de Obispos Cat\u00f3licos de Pakist\u00e1n<\/figcaption><\/figure>\n<p>In einer von der Nationalen Kommission f\u00fcr Gerechtigkeit und Frieden (NCPJP) ver\u00f6ffentlichten Erkl\u00e4rung rief Bischof Joseph Arshad, der Vorsitzende der Katholischen Bischofskonferenz Pakistans, die Ordnungskr\u00e4fte auf, alles zu tun, um den Schuldigen an der Ermordung dieses Christen vor Gericht zu bringen. \u201eDieser Fall stellt eine klare Verletzung der Menschenrechte und der Gesetze dar. Er darf nicht ungestraft bleiben\u201c, hei\u00dft es in der Erkl\u00e4rung, in der au\u00dferdem die Regierung aufgefordert wird, die Familie von Nadeem zu sch\u00fctzen, deren Leben weiterhin in Gefahr ist.<\/p>\n<p>Joel Amir Sahotra, ehemaliges Mitglied der Provinzversammlung von Punjab und Oberhaupt der christlichen Gemeinschaft, sagte im Gespr\u00e4ch mit dem portugiesischen B\u00fcro von ACN, dass \u201ereligi\u00f6se Diskriminierung von Minderheiten in Pakistan leider sehr verbreitet ist. Die Menschen sind nicht bereit, ihre Wohnungen an Nicht-Muslime zu vermieten Oft sagen sie sogar offen, dass Nichtmuslime sie nicht betreten d\u00fcrfen. Wie in der Steinzeit!\u201c, so Sahotra. \u201eWas ist das f\u00fcr eine Denkweise? Ich habe wirklich keine Antwort. Ich wei\u00df nicht, ob die Menschen im Westen diese schwierige Situation verstehen k\u00f6nnen, in der wir uns wegen unserer Religion hier in Pakistan befinden.\u201c<\/p>\n","protected":false},"excerpt":{"rendered":"<p>The most recent attack on a Christian in Pakistan has further increased the suffering and fear among Christians throughout the<\/p>\n","protected":false},"author":66,"featured_media":141410,"comment_status":"closed","ping_status":"closed","sticky":false,"template":"","format":"standard","meta":{"_acf_changed":false,"_acn_coauthor_ids":[],"footnotes":""},"categories":[234],"tags":[],"country":[104],"class_list":["post-141425","post","type-post","status-publish","format-standard","has-post-thumbnail","hentry","category-unkategorisiert","country-pakistan"],"acn_coauthors":[],"acf":[],"yoast_head":"<!-- This site is optimized with the Yoast SEO Premium plugin v27.3 (Yoast SEO v27.3) - https:\/\/yoast.com\/product\/yoast-seo-premium-wordpress\/ -->\n<title>Pakistan: Weil er in einem muslimischen Stadtviertel wohnte, wurde ein Christ get\u00f6tet | ACN International<\/title>\n<meta name=\"robots\" content=\"index, follow, max-snippet:-1, max-image-preview:large, max-video-preview:-1\" \/>\n<link rel=\"canonical\" href=\"https:\/\/acninternational.org\/de\/pakistan-weil-er-in-einem-muslimischen-stadtviertel-wohnte-wurde-ein-christ-getoetet\/\" \/>\n<meta property=\"og:locale\" content=\"de_DE\" \/>\n<meta property=\"og:type\" content=\"article\" \/>\n<meta property=\"og:title\" content=\"Pakistan: Weil er in einem muslimischen Stadtviertel wohnte, wurde ein Christ get\u00f6tet\" \/>\n<meta property=\"og:description\" content=\"The most recent attack on a Christian in Pakistan has further increased the suffering and fear among Christians throughout the\" \/>\n<meta property=\"og:url\" content=\"https:\/\/acninternational.org\/de\/pakistan-weil-er-in-einem-muslimischen-stadtviertel-wohnte-wurde-ein-christ-getoetet\/\" \/>\n<meta property=\"og:site_name\" content=\"ACN International\" \/>\n<meta property=\"article:publisher\" content=\"https:\/\/www.facebook.com\/acninternationalorg\" \/>\n<meta property=\"article:published_time\" content=\"2020-08-12T12:30:47+00:00\" \/>\n<meta property=\"article:modified_time\" content=\"2020-08-12T14:10:46+00:00\" \/>\n<meta property=\"og:image\" content=\"https:\/\/media.acninternational.org\/wp-content\/uploads\/2020\/08\/acn_pakistan_Christian-man-murdered.jpg\" \/>\n\t<meta property=\"og:image:width\" content=\"2000\" \/>\n\t<meta property=\"og:image:height\" content=\"625\" \/>\n\t<meta property=\"og:image:type\" content=\"image\/jpeg\" \/>\n<meta name=\"author\" content=\"Milena\" \/>\n<meta name=\"twitter:card\" content=\"summary_large_image\" \/>\n<meta name=\"twitter:creator\" content=\"@acn_int\" \/>\n<meta name=\"twitter:site\" content=\"@acn_int\" \/>\n<meta name=\"twitter:label1\" content=\"Verfasst von\" \/>\n\t<meta name=\"twitter:data1\" content=\"Milena\" \/>\n\t<meta name=\"twitter:label2\" content=\"Gesch\u00e4tzte Lesezeit\" \/>\n\t<meta name=\"twitter:data2\" content=\"3\u00a0Minuten\" \/>\n<script type=\"application\/ld+json\" class=\"yoast-schema-graph\">{\"@context\":\"https:\\\/\\\/schema.org\",\"@graph\":[{\"@type\":\"Article\",\"@id\":\"https:\\\/\\\/acninternational.org\\\/de\\\/pakistan-weil-er-in-einem-muslimischen-stadtviertel-wohnte-wurde-ein-christ-getoetet\\\/#article\",\"isPartOf\":{\"@id\":\"https:\\\/\\\/acninternational.org\\\/de\\\/pakistan-weil-er-in-einem-muslimischen-stadtviertel-wohnte-wurde-ein-christ-getoetet\\\/\"},\"author\":{\"name\":\"Milena\",\"@id\":\"https:\\\/\\\/acninternational.org\\\/de\\\/#\\\/schema\\\/person\\\/5a2b2930ad4475e0aa0dade4e51d9474\"},\"headline\":\"Pakistan: Weil er in einem muslimischen Stadtviertel wohnte, wurde ein Christ get\u00f6tet\",\"datePublished\":\"2020-08-12T12:30:47+00:00\",\"dateModified\":\"2020-08-12T14:10:46+00:00\",\"mainEntityOfPage\":{\"@id\":\"https:\\\/\\\/acninternational.org\\\/de\\\/pakistan-weil-er-in-einem-muslimischen-stadtviertel-wohnte-wurde-ein-christ-getoetet\\\/\"},\"wordCount\":557,\"publisher\":{\"@id\":\"https:\\\/\\\/acninternational.org\\\/de\\\/#organization\"},\"image\":{\"@id\":\"https:\\\/\\\/acninternational.org\\\/de\\\/pakistan-weil-er-in-einem-muslimischen-stadtviertel-wohnte-wurde-ein-christ-getoetet\\\/#primaryimage\"},\"thumbnailUrl\":\"https:\\\/\\\/media.acninternational.org\\\/wp-content\\\/uploads\\\/2020\\\/08\\\/acn_pakistan_Christian-man-murdered.jpg\",\"articleSection\":[\"Unkategorisiert\"],\"inLanguage\":\"de\"},{\"@type\":\"WebPage\",\"@id\":\"https:\\\/\\\/acninternational.org\\\/de\\\/pakistan-weil-er-in-einem-muslimischen-stadtviertel-wohnte-wurde-ein-christ-getoetet\\\/\",\"url\":\"https:\\\/\\\/acninternational.org\\\/de\\\/pakistan-weil-er-in-einem-muslimischen-stadtviertel-wohnte-wurde-ein-christ-getoetet\\\/\",\"name\":\"Pakistan: Weil er in einem muslimischen Stadtviertel wohnte, wurde ein Christ get\u00f6tet | ACN International\",\"isPartOf\":{\"@id\":\"https:\\\/\\\/acninternational.org\\\/de\\\/#website\"},\"primaryImageOfPage\":{\"@id\":\"https:\\\/\\\/acninternational.org\\\/de\\\/pakistan-weil-er-in-einem-muslimischen-stadtviertel-wohnte-wurde-ein-christ-getoetet\\\/#primaryimage\"},\"image\":{\"@id\":\"https:\\\/\\\/acninternational.org\\\/de\\\/pakistan-weil-er-in-einem-muslimischen-stadtviertel-wohnte-wurde-ein-christ-getoetet\\\/#primaryimage\"},\"thumbnailUrl\":\"https:\\\/\\\/media.acninternational.org\\\/wp-content\\\/uploads\\\/2020\\\/08\\\/acn_pakistan_Christian-man-murdered.jpg\",\"datePublished\":\"2020-08-12T12:30:47+00:00\",\"dateModified\":\"2020-08-12T14:10:46+00:00\",\"breadcrumb\":{\"@id\":\"https:\\\/\\\/acninternational.org\\\/de\\\/pakistan-weil-er-in-einem-muslimischen-stadtviertel-wohnte-wurde-ein-christ-getoetet\\\/#breadcrumb\"},\"inLanguage\":\"de\",\"potentialAction\":[{\"@type\":\"ReadAction\",\"target\":[\"https:\\\/\\\/acninternational.org\\\/de\\\/pakistan-weil-er-in-einem-muslimischen-stadtviertel-wohnte-wurde-ein-christ-getoetet\\\/\"]}]},{\"@type\":\"ImageObject\",\"inLanguage\":\"de\",\"@id\":\"https:\\\/\\\/acninternational.org\\\/de\\\/pakistan-weil-er-in-einem-muslimischen-stadtviertel-wohnte-wurde-ein-christ-getoetet\\\/#primaryimage\",\"url\":\"https:\\\/\\\/media.acninternational.org\\\/wp-content\\\/uploads\\\/2020\\\/08\\\/acn_pakistan_Christian-man-murdered.jpg\",\"contentUrl\":\"https:\\\/\\\/media.acninternational.org\\\/wp-content\\\/uploads\\\/2020\\\/08\\\/acn_pakistan_Christian-man-murdered.jpg\",\"width\":2000,\"height\":625},{\"@type\":\"BreadcrumbList\",\"@id\":\"https:\\\/\\\/acninternational.org\\\/de\\\/pakistan-weil-er-in-einem-muslimischen-stadtviertel-wohnte-wurde-ein-christ-getoetet\\\/#breadcrumb\",\"itemListElement\":[{\"@type\":\"ListItem\",\"position\":1,\"name\":\"Home\",\"item\":\"https:\\\/\\\/acninternational.org\\\/de\\\/\"},{\"@type\":\"ListItem\",\"position\":2,\"name\":\"Nachricht\",\"item\":\"https:\\\/\\\/acninternational.org\\\/de\\\/category\\\/news-de\\\/\"},{\"@type\":\"ListItem\",\"position\":3,\"name\":\"Pakistan: Weil er in einem muslimischen Stadtviertel wohnte, wurde ein Christ get\u00f6tet\"}]},{\"@type\":\"WebSite\",\"@id\":\"https:\\\/\\\/acninternational.org\\\/de\\\/#website\",\"url\":\"https:\\\/\\\/acninternational.org\\\/de\\\/\",\"name\":\"ACN International\",\"description\":\"\",\"publisher\":{\"@id\":\"https:\\\/\\\/acninternational.org\\\/de\\\/#organization\"},\"potentialAction\":[{\"@type\":\"SearchAction\",\"target\":{\"@type\":\"EntryPoint\",\"urlTemplate\":\"https:\\\/\\\/acninternational.org\\\/de\\\/?s={search_term_string}\"},\"query-input\":{\"@type\":\"PropertyValueSpecification\",\"valueRequired\":true,\"valueName\":\"search_term_string\"}}],\"inLanguage\":\"de\"},{\"@type\":\"Organization\",\"@id\":\"https:\\\/\\\/acninternational.org\\\/de\\\/#organization\",\"name\":\"Aid to the Church in Need International\",\"url\":\"https:\\\/\\\/acninternational.org\\\/de\\\/\",\"logo\":{\"@type\":\"ImageObject\",\"inLanguage\":\"de\",\"@id\":\"https:\\\/\\\/acninternational.org\\\/de\\\/#\\\/schema\\\/logo\\\/image\\\/\",\"url\":\"https:\\\/\\\/media.acninternational.org\\\/wp-content\\\/uploads\\\/2019\\\/11\\\/acn_logo_blackvector.svg\",\"contentUrl\":\"https:\\\/\\\/media.acninternational.org\\\/wp-content\\\/uploads\\\/2019\\\/11\\\/acn_logo_blackvector.svg\",\"width\":232.6,\"height\":78,\"caption\":\"Aid to the Church in Need International\"},\"image\":{\"@id\":\"https:\\\/\\\/acninternational.org\\\/de\\\/#\\\/schema\\\/logo\\\/image\\\/\"},\"sameAs\":[\"https:\\\/\\\/www.facebook.com\\\/acninternationalorg\",\"https:\\\/\\\/x.com\\\/acn_int\",\"https:\\\/\\\/www.youtube.com\\\/channel\\\/UCQ-077gS0TnVzkhHmf1opZw\",\"https:\\\/\\\/www.instagram.com\\\/acn_international\\\/\"]},{\"@type\":\"Person\",\"@id\":\"https:\\\/\\\/acninternational.org\\\/de\\\/#\\\/schema\\\/person\\\/5a2b2930ad4475e0aa0dade4e51d9474\",\"name\":\"Milena\",\"description\":\"Lorem ipsum dolor sit amet, consectetur adipiscing elit, sed do eiusmod tempor incididunt ut labore et dolore magna aliqua. Ut enim ad minim veniam, quis nostrud exercitation ullamco laboris nisi ut aliquip ex ea commodo consequat.\",\"url\":\"https:\\\/\\\/acninternational.org\\\/de\\\/author\\\/milena\\\/\"}]}<\/script>\n<!-- \/ Yoast SEO Premium plugin. -->","yoast_head_json":{"title":"Pakistan: Weil er in einem muslimischen Stadtviertel wohnte, wurde ein Christ get\u00f6tet | ACN International","robots":{"index":"index","follow":"follow","max-snippet":"max-snippet:-1","max-image-preview":"max-image-preview:large","max-video-preview":"max-video-preview:-1"},"canonical":"https:\/\/acninternational.org\/de\/pakistan-weil-er-in-einem-muslimischen-stadtviertel-wohnte-wurde-ein-christ-getoetet\/","og_locale":"de_DE","og_type":"article","og_title":"Pakistan: Weil er in einem muslimischen Stadtviertel wohnte, wurde ein Christ get\u00f6tet","og_description":"The most recent attack on a Christian in Pakistan has further increased the suffering and fear among Christians throughout the","og_url":"https:\/\/acninternational.org\/de\/pakistan-weil-er-in-einem-muslimischen-stadtviertel-wohnte-wurde-ein-christ-getoetet\/","og_site_name":"ACN International","article_publisher":"https:\/\/www.facebook.com\/acninternationalorg","article_published_time":"2020-08-12T12:30:47+00:00","article_modified_time":"2020-08-12T14:10:46+00:00","og_image":[{"width":2000,"height":625,"url":"https:\/\/media.acninternational.org\/wp-content\/uploads\/2020\/08\/acn_pakistan_Christian-man-murdered.jpg","type":"image\/jpeg"}],"author":"Milena","twitter_card":"summary_large_image","twitter_creator":"@acn_int","twitter_site":"@acn_int","twitter_misc":{"Verfasst von":"Milena","Gesch\u00e4tzte Lesezeit":"3\u00a0Minuten"},"schema":{"@context":"https:\/\/schema.org","@graph":[{"@type":"Article","@id":"https:\/\/acninternational.org\/de\/pakistan-weil-er-in-einem-muslimischen-stadtviertel-wohnte-wurde-ein-christ-getoetet\/#article","isPartOf":{"@id":"https:\/\/acninternational.org\/de\/pakistan-weil-er-in-einem-muslimischen-stadtviertel-wohnte-wurde-ein-christ-getoetet\/"},"author":{"name":"Milena","@id":"https:\/\/acninternational.org\/de\/#\/schema\/person\/5a2b2930ad4475e0aa0dade4e51d9474"},"headline":"Pakistan: Weil er in einem muslimischen Stadtviertel wohnte, wurde ein Christ get\u00f6tet","datePublished":"2020-08-12T12:30:47+00:00","dateModified":"2020-08-12T14:10:46+00:00","mainEntityOfPage":{"@id":"https:\/\/acninternational.org\/de\/pakistan-weil-er-in-einem-muslimischen-stadtviertel-wohnte-wurde-ein-christ-getoetet\/"},"wordCount":557,"publisher":{"@id":"https:\/\/acninternational.org\/de\/#organization"},"image":{"@id":"https:\/\/acninternational.org\/de\/pakistan-weil-er-in-einem-muslimischen-stadtviertel-wohnte-wurde-ein-christ-getoetet\/#primaryimage"},"thumbnailUrl":"https:\/\/media.acninternational.org\/wp-content\/uploads\/2020\/08\/acn_pakistan_Christian-man-murdered.jpg","articleSection":["Unkategorisiert"],"inLanguage":"de"},{"@type":"WebPage","@id":"https:\/\/acninternational.org\/de\/pakistan-weil-er-in-einem-muslimischen-stadtviertel-wohnte-wurde-ein-christ-getoetet\/","url":"https:\/\/acninternational.org\/de\/pakistan-weil-er-in-einem-muslimischen-stadtviertel-wohnte-wurde-ein-christ-getoetet\/","name":"Pakistan: Weil er in einem muslimischen Stadtviertel wohnte, wurde ein Christ get\u00f6tet | ACN International","isPartOf":{"@id":"https:\/\/acninternational.org\/de\/#website"},"primaryImageOfPage":{"@id":"https:\/\/acninternational.org\/de\/pakistan-weil-er-in-einem-muslimischen-stadtviertel-wohnte-wurde-ein-christ-getoetet\/#primaryimage"},"image":{"@id":"https:\/\/acninternational.org\/de\/pakistan-weil-er-in-einem-muslimischen-stadtviertel-wohnte-wurde-ein-christ-getoetet\/#primaryimage"},"thumbnailUrl":"https:\/\/media.acninternational.org\/wp-content\/uploads\/2020\/08\/acn_pakistan_Christian-man-murdered.jpg","datePublished":"2020-08-12T12:30:47+00:00","dateModified":"2020-08-12T14:10:46+00:00","breadcrumb":{"@id":"https:\/\/acninternational.org\/de\/pakistan-weil-er-in-einem-muslimischen-stadtviertel-wohnte-wurde-ein-christ-getoetet\/#breadcrumb"},"inLanguage":"de","potentialAction":[{"@type":"ReadAction","target":["https:\/\/acninternational.org\/de\/pakistan-weil-er-in-einem-muslimischen-stadtviertel-wohnte-wurde-ein-christ-getoetet\/"]}]},{"@type":"ImageObject","inLanguage":"de","@id":"https:\/\/acninternational.org\/de\/pakistan-weil-er-in-einem-muslimischen-stadtviertel-wohnte-wurde-ein-christ-getoetet\/#primaryimage","url":"https:\/\/media.acninternational.org\/wp-content\/uploads\/2020\/08\/acn_pakistan_Christian-man-murdered.jpg","contentUrl":"https:\/\/media.acninternational.org\/wp-content\/uploads\/2020\/08\/acn_pakistan_Christian-man-murdered.jpg","width":2000,"height":625},{"@type":"BreadcrumbList","@id":"https:\/\/acninternational.org\/de\/pakistan-weil-er-in-einem-muslimischen-stadtviertel-wohnte-wurde-ein-christ-getoetet\/#breadcrumb","itemListElement":[{"@type":"ListItem","position":1,"name":"Home","item":"https:\/\/acninternational.org\/de\/"},{"@type":"ListItem","position":2,"name":"Nachricht","item":"https:\/\/acninternational.org\/de\/category\/news-de\/"},{"@type":"ListItem","position":3,"name":"Pakistan: Weil er in einem muslimischen Stadtviertel wohnte, wurde ein Christ get\u00f6tet"}]},{"@type":"WebSite","@id":"https:\/\/acninternational.org\/de\/#website","url":"https:\/\/acninternational.org\/de\/","name":"ACN International","description":"","publisher":{"@id":"https:\/\/acninternational.org\/de\/#organization"},"potentialAction":[{"@type":"SearchAction","target":{"@type":"EntryPoint","urlTemplate":"https:\/\/acninternational.org\/de\/?s={search_term_string}"},"query-input":{"@type":"PropertyValueSpecification","valueRequired":true,"valueName":"search_term_string"}}],"inLanguage":"de"},{"@type":"Organization","@id":"https:\/\/acninternational.org\/de\/#organization","name":"Aid to the Church in Need International","url":"https:\/\/acninternational.org\/de\/","logo":{"@type":"ImageObject","inLanguage":"de","@id":"https:\/\/acninternational.org\/de\/#\/schema\/logo\/image\/","url":"https:\/\/media.acninternational.org\/wp-content\/uploads\/2019\/11\/acn_logo_blackvector.svg","contentUrl":"https:\/\/media.acninternational.org\/wp-content\/uploads\/2019\/11\/acn_logo_blackvector.svg","width":232.6,"height":78,"caption":"Aid to the Church in Need International"},"image":{"@id":"https:\/\/acninternational.org\/de\/#\/schema\/logo\/image\/"},"sameAs":["https:\/\/www.facebook.com\/acninternationalorg","https:\/\/x.com\/acn_int","https:\/\/www.youtube.com\/channel\/UCQ-077gS0TnVzkhHmf1opZw","https:\/\/www.instagram.com\/acn_international\/"]},{"@type":"Person","@id":"https:\/\/acninternational.org\/de\/#\/schema\/person\/5a2b2930ad4475e0aa0dade4e51d9474","name":"Milena","description":"Lorem ipsum dolor sit amet, consectetur adipiscing elit, sed do eiusmod tempor incididunt ut labore et dolore magna aliqua. Ut enim ad minim veniam, quis nostrud exercitation ullamco laboris nisi ut aliquip ex ea commodo consequat.","url":"https:\/\/acninternational.org\/de\/author\/milena\/"}]}},"_links":{"self":[{"href":"https:\/\/acninternational.org\/de\/wp-json\/wp\/v2\/posts\/141425","targetHints":{"allow":["GET"]}}],"collection":[{"href":"https:\/\/acninternational.org\/de\/wp-json\/wp\/v2\/posts"}],"about":[{"href":"https:\/\/acninternational.org\/de\/wp-json\/wp\/v2\/types\/post"}],"author":[{"embeddable":true,"href":"https:\/\/acninternational.org\/de\/wp-json\/wp\/v2\/users\/66"}],"replies":[{"embeddable":true,"href":"https:\/\/acninternational.org\/de\/wp-json\/wp\/v2\/comments?post=141425"}],"version-history":[{"count":0,"href":"https:\/\/acninternational.org\/de\/wp-json\/wp\/v2\/posts\/141425\/revisions"}],"wp:featuredmedia":[{"embeddable":true,"href":"https:\/\/acninternational.org\/de\/wp-json\/wp\/v2\/media\/141410"}],"wp:attachment":[{"href":"https:\/\/acninternational.org\/de\/wp-json\/wp\/v2\/media?parent=141425"}],"wp:term":[{"taxonomy":"category","embeddable":true,"href":"https:\/\/acninternational.org\/de\/wp-json\/wp\/v2\/categories?post=141425"},{"taxonomy":"post_tag","embeddable":true,"href":"https:\/\/acninternational.org\/de\/wp-json\/wp\/v2\/tags?post=141425"},{"taxonomy":"country","embeddable":true,"href":"https:\/\/acninternational.org\/de\/wp-json\/wp\/v2\/country?post=141425"}],"curies":[{"name":"wp","href":"https:\/\/api.w.org\/{rel}","templated":true}]}}