{"id":130768,"date":"2020-02-17T10:24:32","date_gmt":"2020-02-17T09:24:32","guid":{"rendered":"https:\/\/acninternational.org\/?p=130768"},"modified":"2020-02-17T11:10:50","modified_gmt":"2020-02-17T10:10:50","slug":"mosambik-fuer-den-bischof-von-pemba-sind-die-anschlaege-in-cabo-delgado-eine-tragoedie","status":"publish","type":"post","link":"https:\/\/acninternational.org\/de\/mosambik-fuer-den-bischof-von-pemba-sind-die-anschlaege-in-cabo-delgado-eine-tragoedie\/","title":{"rendered":"Mosambik: F\u00fcr den Bischof von Pemba sind die Anschl\u00e4ge in Cabo Delgado \u201eeine Trag\u00f6die\u201c"},"content":{"rendered":"<p><em>Die Angriffe im Norden Mosambiks haben bereits mehr als 500 Tote und Tausende von Vertriebenen verursacht, so Bischof Luiz Fernando Lisboa von Pemba in einem Exklusivinterview mit dem weltweiten katholischen Hilfswerk ACN.<\/em><\/p>\n<p>Die Welle der Gewalt, die seit Oktober 2017 den Norden Mosambiks ersch\u00fcttert, wird offensichtlich nicht so bald enden. Der Bischof best\u00e4tigte, dass am 29. und 30. Januar in der Provinz Cabo Delgado \u201esechs Angriffe\u201c stattfanden, die eine allgemeine Flucht der Bev\u00f6lkerung zur Folge hatten und eine gro\u00dfe Spur der Zerst\u00f6rung in den D\u00f6rfern der Verwaltungsposten Bilibiza und Mahate hinterlie\u00dfen. Die beiden geh\u00f6ren zum Bezirk Quissanga, der etwa 120 Kilometer von der Stadt Pemba entfernt ist. F\u00fcr Bischof Luiz Fernando Lisboa sind diese Anschl\u00e4ge \u201eeine Trag\u00f6die\u201c. Ein Anschlag \u201etraf die Landwirtschaftsschule in Bilibiza, eine Hochschule mit mehr als 500 Studenten\u201c.<\/p>\n<p>\u201eIch h\u00f6rte, dass die Schule niedergebrannt wurde, dann wurden nahe gelegene Gesch\u00e4fte zerst\u00f6rt\u201c, so schildert der Bischof den Anschlag. \u201eEs ist eine sehr traurige Realit\u00e4t, dass die Verteidigungs- und Sicherheitskr\u00e4fte ohne internationale Hilfe die Angriffe nicht eind\u00e4mmen k\u00f6nnen. Es sind bereits zwei Jahre und drei Monate vergangen &#8230; Wenn die Regierung von Mosambik bessere Bedingungen h\u00e4tte, w\u00e4re dies vielleicht schon gel\u00f6st worden, aber viele Menschen sterben &#8230;\u201c, sagte der Bischof.<\/p>\n<p>In einem Interview mit dem Hilfswerk im Rahmen seines Besuchs in Portugal r\u00e4umte Bischof Luiz Fernando Lisboa ein, dass es zwar keine offiziellen Statistiken \u00fcber die Zahl der Menschen gibt, die ihr Leben verloren haben. Es habe aber sicher bereits 500 Tote gegeben, seit Ende 2017 die gewaltt\u00e4tigen Angriffe auf D\u00f6rfer, Verwaltungs- und Milit\u00e4rposten ausgebrochen und enthauptete Opfer als Zeichen des grausamen Terrros unter der Bev\u00f6lkerung zur\u00fcckgeblieben sind.<\/p>\n<figure id=\"attachment_130629\" aria-describedby=\"caption-attachment-130629\" style=\"width: 670px\" class=\"wp-caption alignnone\"><img loading=\"lazy\" decoding=\"async\" class=\"wp-image-130629 size-full\" src=\"https:\/\/media.acninternational.org\/wp-content\/uploads\/2020\/02\/Bishop-Luiz-Fernando-Lisboa.jpg\" alt=\"Bischof Luiz Fernando Lisboa von Pemba.\" width=\"670\" height=\"400\" srcset=\"https:\/\/media.acninternational.org\/wp-content\/uploads\/2020\/02\/Bishop-Luiz-Fernando-Lisboa.jpg 670w, https:\/\/media.acninternational.org\/wp-content\/uploads\/2020\/02\/Bishop-Luiz-Fernando-Lisboa-300x179.jpg 300w\" sizes=\"auto, (max-width: 670px) 100vw, 670px\" \/><figcaption id=\"caption-attachment-130629\" class=\"wp-caption-text\">Bischof Luiz Fernando Lisboa von Pemba.<\/figcaption><\/figure>\n<p><strong>\u201eEs wird Hunger geben&#8230;\u201c<\/strong><\/p>\n<p>Die Situation hat unmittelbare Auswirkungen auf den Alltag der Menschen. \u201eDie D\u00f6rfer leeren sich, die Einwohner s\u00e4en nicht. Das bedeutet, dass es Hunger geben wird und wir Tausende von Binnenvertriebenen haben\u201c, f\u00fchrt der Bischof aus. Laut der UNO wurden infolge von Angriffen auf D\u00f6rfer im Norden Mosambiks etwa 60 000 Menschen vertrieben. Aber der mosambikanische Bischof ist der Meinung, dass zu den Opfern ebenfalls die Vertriebenen etwa durch den Wirbelsturm Kenneth gez\u00e4hlt werden m\u00fcssen. \u201eMeiner Meinung nach k\u00f6nnten ann\u00e4hrend 100 000 Menschen vertrieben worden sein\u201c.<\/p>\n<p><strong>Bedrohung durch den islamischen Fundamentalismus in der Region<\/strong><\/p>\n<p>Die Region Cabo Delgado im Norden Mosambiks hat zahlreiche Angriffe von bewaffneten Gruppen erlitten. Bischof Fernando Luiz Lisboa erinnert daran, dass zu Beginn, im Oktober 2017, die F\u00fchrer der \u00f6rtlichen muslimischen Gemeinde sich deutlich davon distanzierten und die Anschl\u00e4ge ablehnten. \u201eAls die Angriffe begannen, hie\u00df es, es handele sich um eine radikal-islamische Gruppe. Die Muslime selbst distanzierten sich davon, und sagten: \u201aDas sind nicht unsere Leute, das sind Banditen\u2019. Aber wir sind besorgt und traurig, denn es scheint, dass sie wohl das Werk radikal-islamischer Gruppen sind.\u201c<\/p>\n<p>Die Versch\u00e4rfung der Angriffe k\u00f6nnte eine Bedrohung f\u00fcr die Sicherheit auf regionaler Ebene darstellen. Es gibt Anzeichen daf\u00fcr, dass auch die Beh\u00f6rden im benachbarten Tansania in Alarmbereitschaft sind, wird Tansania doch von Terrorismus-Experten als Zufluchts- und Rekrutierungsort f\u00fcr extremistische K\u00e4mpfer betrachtet, die sich problemlos \u00fcber die Grenze zwischen den beiden L\u00e4ndern hin und her bewegen.<\/p>\n<p>Laut dem Bischof von Pemba \u201ew\u00e4re dies sehr besorgniserregend\u201c. Denn: \u201eWenn es ein internationales oder transnationales Netzwerk gibt, bedeutet das, dass die Terroristen st\u00e4rker sind und es viel schwieriger ist, sie aufzuhalten.\u201c<\/p>\n<p><strong>\u201eIch habe keine Angst\u201c<\/strong><\/p>\n<p>Die tats\u00e4chliche Gr\u00f6\u00dfenordnung der im Norden Mosambiks operierenden terroristischen Gruppen ist nicht bekannt. Die christliche Gemeinschaft f\u00fchlt sich aber bedroht. Der Bischof selbst wei\u00df, dass er das Ziel eines dieser Angriffe sein k\u00f6nnte: \u201eIch bin mir bewusst, dass dies geschehen k\u00f6nnte. Aber ehrlich gesagt: Ich habe keine Angst. Ich versuche, meine Aufgabe zu erf\u00fcllen. Sie besteht darin, die Missionare zu unterst\u00fctzen, die in den Bezirken, in denen es Angriffe gibt, in der Schusslinie stehen. Sie sind sehr mutig. Ich preise Gott, ich danke ihnen f\u00fcr ihren Mut, denn oft sind sie die &#8218;Oase&#8216;, die die Menschen brauchen, jemand, zu dem sie gehen k\u00f6nnen, um zu weinen, sich zu beschweren, ihre Probleme zu erz\u00e4hlen, Hilfe zu suchen&#8230; Keiner von ihnen hat seinen Posten verlassen. Sie sind da, und ich kann und darf keine Angst haben. Ich versuche, meine Mission auf die bestm\u00f6gliche Art und Weise zu erf\u00fcllen, um sie dadurch zu unterst\u00fctzen, damit sie ihrerseits weiterhin ihre Mission erf\u00fcllen k\u00f6nnen.<\/p>\n<p><strong>Unterst\u00fctzung durch ACN<\/strong><\/p>\n<p>Im Gespr\u00e4ch mit ACN kurz vor seinem R\u00fcckflug nach Mosambik, brachte Bischof Fernando Lisboa auch seine Wertsch\u00e4tzung f\u00fcr die Projekte zum Ausdruck, die die Stiftung in seiner Di\u00f6zese unterst\u00fctzt: \u201eACN hat viel geholfen, beispielsweise durch\u00a0 Fahrzeuge f\u00fcr Missionare, Hilfen f\u00fcr die Aus- und Weiterbildung von Seminaristen&#8230; Diese Unterst\u00fctzung ist wichtig, denn ohne die Hilfe internationaler Organisationen w\u00e4re es f\u00fcr arme Di\u00f6zesen wie unserer, wie die meisten afrikanischen, einige asiatische und lateinamerikanische Di\u00f6zesen, sehr schwierig, ihre Arbeit zu machen.\u201c<\/p>\n","protected":false},"excerpt":{"rendered":"<p>Die Angriffe im Norden Mosambiks haben bereits mehr als 500 Tote und Tausende von Vertriebenen verursacht, so Bischof Luiz Fernando<\/p>\n","protected":false},"author":4258341447,"featured_media":130636,"comment_status":"closed","ping_status":"closed","sticky":false,"template":"","format":"standard","meta":{"_acf_changed":false,"_acn_coauthor_ids":[],"footnotes":""},"categories":[234],"tags":[],"country":[418],"class_list":["post-130768","post","type-post","status-publish","format-standard","has-post-thumbnail","hentry","category-unkategorisiert","country-mozambique-es"],"acn_coauthors":[],"acf":[],"yoast_head":"<!-- This site is optimized with the Yoast SEO Premium plugin v27.3 (Yoast SEO v27.3) - https:\/\/yoast.com\/product\/yoast-seo-premium-wordpress\/ -->\n<title>Mosambik: F\u00fcr den Bischof von Pemba sind die Anschl\u00e4ge in Cabo Delgado \u201eeine Trag\u00f6die\u201c<\/title>\n<meta name=\"description\" content=\"Die Angriffe im Norden Mosambiks haben bereits mehr als 500 Tote und Tausende von Vertriebenen verursacht, so Bischof Luiz Fernando Lisboa von Pemba in einem Exklusivinterview mit dem weltweiten katholischen Hilfswerk ACN.Die Welle der Gewalt, die seit Oktober 2017 den Norden Mosambiks ersch\u00fcttert, wird offensichtlich nicht so bald enden. Der Bischof best\u00e4tigte, dass am 29. und 30. Januar in der Provinz Cabo Delgado \u201esechs Angriffe\u201c stattfanden, die eine allgemeine Flucht der Bev\u00f6lkerung zur Folge hatten und eine gro\u00dfe Spur der Zerst\u00f6rung in den D\u00f6rfern der Verwaltungsposten Bilibiza und Mahate hinterlie\u00dfen. Die beiden geh\u00f6ren zum Bezirk Quissanga, der etwa 120 Kilometer von der Stadt Pemba entfernt ist. F\u00fcr Bischof Luiz Fernando Lisboa sind diese Anschl\u00e4ge \u201eeine Trag\u00f6die\u201c. Ein Anschlag \u201etraf die Landwirtschaftsschule in Bilibiza, eine Hochschule mit mehr als 500 Studenten\u201c.\" \/>\n<meta name=\"robots\" content=\"index, follow, max-snippet:-1, max-image-preview:large, max-video-preview:-1\" \/>\n<link rel=\"canonical\" href=\"https:\/\/acninternational.org\/de\/mosambik-fuer-den-bischof-von-pemba-sind-die-anschlaege-in-cabo-delgado-eine-tragoedie\/\" \/>\n<meta property=\"og:locale\" content=\"de_DE\" \/>\n<meta property=\"og:type\" content=\"article\" \/>\n<meta property=\"og:title\" content=\"Mosambik: F\u00fcr den Bischof von Pemba sind die Anschl\u00e4ge in Cabo Delgado \u201eeine Trag\u00f6die\u201c\" \/>\n<meta property=\"og:description\" content=\"Die Angriffe im Norden Mosambiks haben bereits mehr als 500 Tote und Tausende von Vertriebenen verursacht, so Bischof Luiz Fernando Lisboa von Pemba in einem Exklusivinterview mit dem weltweiten katholischen Hilfswerk ACN.Die Welle der Gewalt, die seit Oktober 2017 den Norden Mosambiks ersch\u00fcttert, wird offensichtlich nicht so bald enden. Der Bischof best\u00e4tigte, dass am 29. und 30. Januar in der Provinz Cabo Delgado \u201esechs Angriffe\u201c stattfanden, die eine allgemeine Flucht der Bev\u00f6lkerung zur Folge hatten und eine gro\u00dfe Spur der Zerst\u00f6rung in den D\u00f6rfern der Verwaltungsposten Bilibiza und Mahate hinterlie\u00dfen. Die beiden geh\u00f6ren zum Bezirk Quissanga, der etwa 120 Kilometer von der Stadt Pemba entfernt ist. F\u00fcr Bischof Luiz Fernando Lisboa sind diese Anschl\u00e4ge \u201eeine Trag\u00f6die\u201c. Ein Anschlag \u201etraf die Landwirtschaftsschule in Bilibiza, eine Hochschule mit mehr als 500 Studenten\u201c.\" \/>\n<meta property=\"og:url\" content=\"https:\/\/acninternational.org\/de\/mosambik-fuer-den-bischof-von-pemba-sind-die-anschlaege-in-cabo-delgado-eine-tragoedie\/\" \/>\n<meta property=\"og:site_name\" content=\"ACN International\" \/>\n<meta property=\"article:publisher\" content=\"https:\/\/www.facebook.com\/acninternationalorg\" \/>\n<meta property=\"article:published_time\" content=\"2020-02-17T09:24:32+00:00\" \/>\n<meta property=\"article:modified_time\" content=\"2020-02-17T10:10:50+00:00\" \/>\n<meta property=\"og:image\" content=\"https:\/\/media.acninternational.org\/wp-content\/uploads\/2020\/02\/Mozambique.jpg\" \/>\n\t<meta property=\"og:image:width\" content=\"1400\" \/>\n\t<meta property=\"og:image:height\" content=\"438\" \/>\n\t<meta property=\"og:image:type\" content=\"image\/jpeg\" \/>\n<meta name=\"author\" content=\"ACN Press Team\" \/>\n<meta name=\"twitter:card\" content=\"summary_large_image\" \/>\n<meta name=\"twitter:creator\" content=\"@acn_int\" \/>\n<meta name=\"twitter:site\" content=\"@acn_int\" \/>\n<meta name=\"twitter:label1\" content=\"Verfasst von\" \/>\n\t<meta name=\"twitter:data1\" content=\"ACN Press Team\" \/>\n\t<meta name=\"twitter:label2\" content=\"Gesch\u00e4tzte Lesezeit\" \/>\n\t<meta name=\"twitter:data2\" content=\"4\u00a0Minuten\" \/>\n<script type=\"application\/ld+json\" class=\"yoast-schema-graph\">{\"@context\":\"https:\\\/\\\/schema.org\",\"@graph\":[{\"@type\":\"Article\",\"@id\":\"https:\\\/\\\/acninternational.org\\\/de\\\/mosambik-fuer-den-bischof-von-pemba-sind-die-anschlaege-in-cabo-delgado-eine-tragoedie\\\/#article\",\"isPartOf\":{\"@id\":\"https:\\\/\\\/acninternational.org\\\/de\\\/mosambik-fuer-den-bischof-von-pemba-sind-die-anschlaege-in-cabo-delgado-eine-tragoedie\\\/\"},\"author\":{\"name\":\"ACN Press Team\",\"@id\":\"https:\\\/\\\/acninternational.org\\\/de\\\/#\\\/schema\\\/person\\\/7f3dafb236b242fb2aa46be1411fd703\"},\"headline\":\"Mosambik: F\u00fcr den Bischof von Pemba sind die Anschl\u00e4ge in Cabo Delgado \u201eeine Trag\u00f6die\u201c\",\"datePublished\":\"2020-02-17T09:24:32+00:00\",\"dateModified\":\"2020-02-17T10:10:50+00:00\",\"mainEntityOfPage\":{\"@id\":\"https:\\\/\\\/acninternational.org\\\/de\\\/mosambik-fuer-den-bischof-von-pemba-sind-die-anschlaege-in-cabo-delgado-eine-tragoedie\\\/\"},\"wordCount\":874,\"publisher\":{\"@id\":\"https:\\\/\\\/acninternational.org\\\/de\\\/#organization\"},\"image\":{\"@id\":\"https:\\\/\\\/acninternational.org\\\/de\\\/mosambik-fuer-den-bischof-von-pemba-sind-die-anschlaege-in-cabo-delgado-eine-tragoedie\\\/#primaryimage\"},\"thumbnailUrl\":\"https:\\\/\\\/media.acninternational.org\\\/wp-content\\\/uploads\\\/2020\\\/02\\\/Mozambique.jpg\",\"articleSection\":[\"Unkategorisiert\"],\"inLanguage\":\"de\"},{\"@type\":\"WebPage\",\"@id\":\"https:\\\/\\\/acninternational.org\\\/de\\\/mosambik-fuer-den-bischof-von-pemba-sind-die-anschlaege-in-cabo-delgado-eine-tragoedie\\\/\",\"url\":\"https:\\\/\\\/acninternational.org\\\/de\\\/mosambik-fuer-den-bischof-von-pemba-sind-die-anschlaege-in-cabo-delgado-eine-tragoedie\\\/\",\"name\":\"Mosambik: F\u00fcr den Bischof von Pemba sind die Anschl\u00e4ge in Cabo Delgado \u201eeine Trag\u00f6die\u201c\",\"isPartOf\":{\"@id\":\"https:\\\/\\\/acninternational.org\\\/de\\\/#website\"},\"primaryImageOfPage\":{\"@id\":\"https:\\\/\\\/acninternational.org\\\/de\\\/mosambik-fuer-den-bischof-von-pemba-sind-die-anschlaege-in-cabo-delgado-eine-tragoedie\\\/#primaryimage\"},\"image\":{\"@id\":\"https:\\\/\\\/acninternational.org\\\/de\\\/mosambik-fuer-den-bischof-von-pemba-sind-die-anschlaege-in-cabo-delgado-eine-tragoedie\\\/#primaryimage\"},\"thumbnailUrl\":\"https:\\\/\\\/media.acninternational.org\\\/wp-content\\\/uploads\\\/2020\\\/02\\\/Mozambique.jpg\",\"datePublished\":\"2020-02-17T09:24:32+00:00\",\"dateModified\":\"2020-02-17T10:10:50+00:00\",\"description\":\"Die Angriffe im Norden Mosambiks haben bereits mehr als 500 Tote und Tausende von Vertriebenen verursacht, so Bischof Luiz Fernando Lisboa von Pemba in einem Exklusivinterview mit dem weltweiten katholischen Hilfswerk ACN.Die Welle der Gewalt, die seit Oktober 2017 den Norden Mosambiks ersch\u00fcttert, wird offensichtlich nicht so bald enden. Der Bischof best\u00e4tigte, dass am 29. und 30. Januar in der Provinz Cabo Delgado \u201esechs Angriffe\u201c stattfanden, die eine allgemeine Flucht der Bev\u00f6lkerung zur Folge hatten und eine gro\u00dfe Spur der Zerst\u00f6rung in den D\u00f6rfern der Verwaltungsposten Bilibiza und Mahate hinterlie\u00dfen. Die beiden geh\u00f6ren zum Bezirk Quissanga, der etwa 120 Kilometer von der Stadt Pemba entfernt ist. F\u00fcr Bischof Luiz Fernando Lisboa sind diese Anschl\u00e4ge \u201eeine Trag\u00f6die\u201c. Ein Anschlag \u201etraf die Landwirtschaftsschule in Bilibiza, eine Hochschule mit mehr als 500 Studenten\u201c.\",\"breadcrumb\":{\"@id\":\"https:\\\/\\\/acninternational.org\\\/de\\\/mosambik-fuer-den-bischof-von-pemba-sind-die-anschlaege-in-cabo-delgado-eine-tragoedie\\\/#breadcrumb\"},\"inLanguage\":\"de\",\"potentialAction\":[{\"@type\":\"ReadAction\",\"target\":[\"https:\\\/\\\/acninternational.org\\\/de\\\/mosambik-fuer-den-bischof-von-pemba-sind-die-anschlaege-in-cabo-delgado-eine-tragoedie\\\/\"]}]},{\"@type\":\"ImageObject\",\"inLanguage\":\"de\",\"@id\":\"https:\\\/\\\/acninternational.org\\\/de\\\/mosambik-fuer-den-bischof-von-pemba-sind-die-anschlaege-in-cabo-delgado-eine-tragoedie\\\/#primaryimage\",\"url\":\"https:\\\/\\\/media.acninternational.org\\\/wp-content\\\/uploads\\\/2020\\\/02\\\/Mozambique.jpg\",\"contentUrl\":\"https:\\\/\\\/media.acninternational.org\\\/wp-content\\\/uploads\\\/2020\\\/02\\\/Mozambique.jpg\",\"width\":1400,\"height\":438},{\"@type\":\"BreadcrumbList\",\"@id\":\"https:\\\/\\\/acninternational.org\\\/de\\\/mosambik-fuer-den-bischof-von-pemba-sind-die-anschlaege-in-cabo-delgado-eine-tragoedie\\\/#breadcrumb\",\"itemListElement\":[{\"@type\":\"ListItem\",\"position\":1,\"name\":\"Home\",\"item\":\"https:\\\/\\\/acninternational.org\\\/de\\\/\"},{\"@type\":\"ListItem\",\"position\":2,\"name\":\"Unkategorisiert\",\"item\":\"https:\\\/\\\/acninternational.org\\\/de\\\/category\\\/unkategorisiert\\\/\"},{\"@type\":\"ListItem\",\"position\":3,\"name\":\"Mosambik: F\u00fcr den Bischof von Pemba sind die Anschl\u00e4ge in Cabo Delgado \u201eeine Trag\u00f6die\u201c\"}]},{\"@type\":\"WebSite\",\"@id\":\"https:\\\/\\\/acninternational.org\\\/de\\\/#website\",\"url\":\"https:\\\/\\\/acninternational.org\\\/de\\\/\",\"name\":\"ACN International\",\"description\":\"\",\"publisher\":{\"@id\":\"https:\\\/\\\/acninternational.org\\\/de\\\/#organization\"},\"potentialAction\":[{\"@type\":\"SearchAction\",\"target\":{\"@type\":\"EntryPoint\",\"urlTemplate\":\"https:\\\/\\\/acninternational.org\\\/de\\\/?s={search_term_string}\"},\"query-input\":{\"@type\":\"PropertyValueSpecification\",\"valueRequired\":true,\"valueName\":\"search_term_string\"}}],\"inLanguage\":\"de\"},{\"@type\":\"Organization\",\"@id\":\"https:\\\/\\\/acninternational.org\\\/de\\\/#organization\",\"name\":\"Aid to the Church in Need International\",\"url\":\"https:\\\/\\\/acninternational.org\\\/de\\\/\",\"logo\":{\"@type\":\"ImageObject\",\"inLanguage\":\"de\",\"@id\":\"https:\\\/\\\/acninternational.org\\\/de\\\/#\\\/schema\\\/logo\\\/image\\\/\",\"url\":\"https:\\\/\\\/media.acninternational.org\\\/wp-content\\\/uploads\\\/2019\\\/11\\\/acn_logo_blackvector.svg\",\"contentUrl\":\"https:\\\/\\\/media.acninternational.org\\\/wp-content\\\/uploads\\\/2019\\\/11\\\/acn_logo_blackvector.svg\",\"width\":232.6,\"height\":78,\"caption\":\"Aid to the Church in Need International\"},\"image\":{\"@id\":\"https:\\\/\\\/acninternational.org\\\/de\\\/#\\\/schema\\\/logo\\\/image\\\/\"},\"sameAs\":[\"https:\\\/\\\/www.facebook.com\\\/acninternationalorg\",\"https:\\\/\\\/x.com\\\/acn_int\",\"https:\\\/\\\/www.youtube.com\\\/channel\\\/UCQ-077gS0TnVzkhHmf1opZw\",\"https:\\\/\\\/www.instagram.com\\\/acn_international\\\/\"]},{\"@type\":\"Person\",\"@id\":\"https:\\\/\\\/acninternational.org\\\/de\\\/#\\\/schema\\\/person\\\/7f3dafb236b242fb2aa46be1411fd703\",\"name\":\"ACN Press Team\",\"description\":\"Lorem ipsum dolor sit amet, consectetur adipiscing elit, sed do eiusmod tempor incididunt ut labore et dolore magna aliqua. Ut enim ad minim veniam, quis nostrud exercitation ullamco laboris nisi ut aliquip ex ea commodo consequat.\",\"url\":\"https:\\\/\\\/acninternational.org\\\/de\\\/author\\\/acn-press-team\\\/\"}]}<\/script>\n<!-- \/ Yoast SEO Premium plugin. -->","yoast_head_json":{"title":"Mosambik: F\u00fcr den Bischof von Pemba sind die Anschl\u00e4ge in Cabo Delgado \u201eeine Trag\u00f6die\u201c","description":"Die Angriffe im Norden Mosambiks haben bereits mehr als 500 Tote und Tausende von Vertriebenen verursacht, so Bischof Luiz Fernando Lisboa von Pemba in einem Exklusivinterview mit dem weltweiten katholischen Hilfswerk ACN.Die Welle der Gewalt, die seit Oktober 2017 den Norden Mosambiks ersch\u00fcttert, wird offensichtlich nicht so bald enden. Der Bischof best\u00e4tigte, dass am 29. und 30. Januar in der Provinz Cabo Delgado \u201esechs Angriffe\u201c stattfanden, die eine allgemeine Flucht der Bev\u00f6lkerung zur Folge hatten und eine gro\u00dfe Spur der Zerst\u00f6rung in den D\u00f6rfern der Verwaltungsposten Bilibiza und Mahate hinterlie\u00dfen. Die beiden geh\u00f6ren zum Bezirk Quissanga, der etwa 120 Kilometer von der Stadt Pemba entfernt ist. F\u00fcr Bischof Luiz Fernando Lisboa sind diese Anschl\u00e4ge \u201eeine Trag\u00f6die\u201c. Ein Anschlag \u201etraf die Landwirtschaftsschule in Bilibiza, eine Hochschule mit mehr als 500 Studenten\u201c.","robots":{"index":"index","follow":"follow","max-snippet":"max-snippet:-1","max-image-preview":"max-image-preview:large","max-video-preview":"max-video-preview:-1"},"canonical":"https:\/\/acninternational.org\/de\/mosambik-fuer-den-bischof-von-pemba-sind-die-anschlaege-in-cabo-delgado-eine-tragoedie\/","og_locale":"de_DE","og_type":"article","og_title":"Mosambik: F\u00fcr den Bischof von Pemba sind die Anschl\u00e4ge in Cabo Delgado \u201eeine Trag\u00f6die\u201c","og_description":"Die Angriffe im Norden Mosambiks haben bereits mehr als 500 Tote und Tausende von Vertriebenen verursacht, so Bischof Luiz Fernando Lisboa von Pemba in einem Exklusivinterview mit dem weltweiten katholischen Hilfswerk ACN.Die Welle der Gewalt, die seit Oktober 2017 den Norden Mosambiks ersch\u00fcttert, wird offensichtlich nicht so bald enden. Der Bischof best\u00e4tigte, dass am 29. und 30. Januar in der Provinz Cabo Delgado \u201esechs Angriffe\u201c stattfanden, die eine allgemeine Flucht der Bev\u00f6lkerung zur Folge hatten und eine gro\u00dfe Spur der Zerst\u00f6rung in den D\u00f6rfern der Verwaltungsposten Bilibiza und Mahate hinterlie\u00dfen. Die beiden geh\u00f6ren zum Bezirk Quissanga, der etwa 120 Kilometer von der Stadt Pemba entfernt ist. F\u00fcr Bischof Luiz Fernando Lisboa sind diese Anschl\u00e4ge \u201eeine Trag\u00f6die\u201c. Ein Anschlag \u201etraf die Landwirtschaftsschule in Bilibiza, eine Hochschule mit mehr als 500 Studenten\u201c.","og_url":"https:\/\/acninternational.org\/de\/mosambik-fuer-den-bischof-von-pemba-sind-die-anschlaege-in-cabo-delgado-eine-tragoedie\/","og_site_name":"ACN International","article_publisher":"https:\/\/www.facebook.com\/acninternationalorg","article_published_time":"2020-02-17T09:24:32+00:00","article_modified_time":"2020-02-17T10:10:50+00:00","og_image":[{"width":1400,"height":438,"url":"https:\/\/media.acninternational.org\/wp-content\/uploads\/2020\/02\/Mozambique.jpg","type":"image\/jpeg"}],"author":"ACN Press Team","twitter_card":"summary_large_image","twitter_creator":"@acn_int","twitter_site":"@acn_int","twitter_misc":{"Verfasst von":"ACN Press Team","Gesch\u00e4tzte Lesezeit":"4\u00a0Minuten"},"schema":{"@context":"https:\/\/schema.org","@graph":[{"@type":"Article","@id":"https:\/\/acninternational.org\/de\/mosambik-fuer-den-bischof-von-pemba-sind-die-anschlaege-in-cabo-delgado-eine-tragoedie\/#article","isPartOf":{"@id":"https:\/\/acninternational.org\/de\/mosambik-fuer-den-bischof-von-pemba-sind-die-anschlaege-in-cabo-delgado-eine-tragoedie\/"},"author":{"name":"ACN Press Team","@id":"https:\/\/acninternational.org\/de\/#\/schema\/person\/7f3dafb236b242fb2aa46be1411fd703"},"headline":"Mosambik: F\u00fcr den Bischof von Pemba sind die Anschl\u00e4ge in Cabo Delgado \u201eeine Trag\u00f6die\u201c","datePublished":"2020-02-17T09:24:32+00:00","dateModified":"2020-02-17T10:10:50+00:00","mainEntityOfPage":{"@id":"https:\/\/acninternational.org\/de\/mosambik-fuer-den-bischof-von-pemba-sind-die-anschlaege-in-cabo-delgado-eine-tragoedie\/"},"wordCount":874,"publisher":{"@id":"https:\/\/acninternational.org\/de\/#organization"},"image":{"@id":"https:\/\/acninternational.org\/de\/mosambik-fuer-den-bischof-von-pemba-sind-die-anschlaege-in-cabo-delgado-eine-tragoedie\/#primaryimage"},"thumbnailUrl":"https:\/\/media.acninternational.org\/wp-content\/uploads\/2020\/02\/Mozambique.jpg","articleSection":["Unkategorisiert"],"inLanguage":"de"},{"@type":"WebPage","@id":"https:\/\/acninternational.org\/de\/mosambik-fuer-den-bischof-von-pemba-sind-die-anschlaege-in-cabo-delgado-eine-tragoedie\/","url":"https:\/\/acninternational.org\/de\/mosambik-fuer-den-bischof-von-pemba-sind-die-anschlaege-in-cabo-delgado-eine-tragoedie\/","name":"Mosambik: F\u00fcr den Bischof von Pemba sind die Anschl\u00e4ge in Cabo Delgado \u201eeine Trag\u00f6die\u201c","isPartOf":{"@id":"https:\/\/acninternational.org\/de\/#website"},"primaryImageOfPage":{"@id":"https:\/\/acninternational.org\/de\/mosambik-fuer-den-bischof-von-pemba-sind-die-anschlaege-in-cabo-delgado-eine-tragoedie\/#primaryimage"},"image":{"@id":"https:\/\/acninternational.org\/de\/mosambik-fuer-den-bischof-von-pemba-sind-die-anschlaege-in-cabo-delgado-eine-tragoedie\/#primaryimage"},"thumbnailUrl":"https:\/\/media.acninternational.org\/wp-content\/uploads\/2020\/02\/Mozambique.jpg","datePublished":"2020-02-17T09:24:32+00:00","dateModified":"2020-02-17T10:10:50+00:00","description":"Die Angriffe im Norden Mosambiks haben bereits mehr als 500 Tote und Tausende von Vertriebenen verursacht, so Bischof Luiz Fernando Lisboa von Pemba in einem Exklusivinterview mit dem weltweiten katholischen Hilfswerk ACN.Die Welle der Gewalt, die seit Oktober 2017 den Norden Mosambiks ersch\u00fcttert, wird offensichtlich nicht so bald enden. Der Bischof best\u00e4tigte, dass am 29. und 30. Januar in der Provinz Cabo Delgado \u201esechs Angriffe\u201c stattfanden, die eine allgemeine Flucht der Bev\u00f6lkerung zur Folge hatten und eine gro\u00dfe Spur der Zerst\u00f6rung in den D\u00f6rfern der Verwaltungsposten Bilibiza und Mahate hinterlie\u00dfen. Die beiden geh\u00f6ren zum Bezirk Quissanga, der etwa 120 Kilometer von der Stadt Pemba entfernt ist. F\u00fcr Bischof Luiz Fernando Lisboa sind diese Anschl\u00e4ge \u201eeine Trag\u00f6die\u201c. Ein Anschlag \u201etraf die Landwirtschaftsschule in Bilibiza, eine Hochschule mit mehr als 500 Studenten\u201c.","breadcrumb":{"@id":"https:\/\/acninternational.org\/de\/mosambik-fuer-den-bischof-von-pemba-sind-die-anschlaege-in-cabo-delgado-eine-tragoedie\/#breadcrumb"},"inLanguage":"de","potentialAction":[{"@type":"ReadAction","target":["https:\/\/acninternational.org\/de\/mosambik-fuer-den-bischof-von-pemba-sind-die-anschlaege-in-cabo-delgado-eine-tragoedie\/"]}]},{"@type":"ImageObject","inLanguage":"de","@id":"https:\/\/acninternational.org\/de\/mosambik-fuer-den-bischof-von-pemba-sind-die-anschlaege-in-cabo-delgado-eine-tragoedie\/#primaryimage","url":"https:\/\/media.acninternational.org\/wp-content\/uploads\/2020\/02\/Mozambique.jpg","contentUrl":"https:\/\/media.acninternational.org\/wp-content\/uploads\/2020\/02\/Mozambique.jpg","width":1400,"height":438},{"@type":"BreadcrumbList","@id":"https:\/\/acninternational.org\/de\/mosambik-fuer-den-bischof-von-pemba-sind-die-anschlaege-in-cabo-delgado-eine-tragoedie\/#breadcrumb","itemListElement":[{"@type":"ListItem","position":1,"name":"Home","item":"https:\/\/acninternational.org\/de\/"},{"@type":"ListItem","position":2,"name":"Unkategorisiert","item":"https:\/\/acninternational.org\/de\/category\/unkategorisiert\/"},{"@type":"ListItem","position":3,"name":"Mosambik: F\u00fcr den Bischof von Pemba sind die Anschl\u00e4ge in Cabo Delgado \u201eeine Trag\u00f6die\u201c"}]},{"@type":"WebSite","@id":"https:\/\/acninternational.org\/de\/#website","url":"https:\/\/acninternational.org\/de\/","name":"ACN International","description":"","publisher":{"@id":"https:\/\/acninternational.org\/de\/#organization"},"potentialAction":[{"@type":"SearchAction","target":{"@type":"EntryPoint","urlTemplate":"https:\/\/acninternational.org\/de\/?s={search_term_string}"},"query-input":{"@type":"PropertyValueSpecification","valueRequired":true,"valueName":"search_term_string"}}],"inLanguage":"de"},{"@type":"Organization","@id":"https:\/\/acninternational.org\/de\/#organization","name":"Aid to the Church in Need International","url":"https:\/\/acninternational.org\/de\/","logo":{"@type":"ImageObject","inLanguage":"de","@id":"https:\/\/acninternational.org\/de\/#\/schema\/logo\/image\/","url":"https:\/\/media.acninternational.org\/wp-content\/uploads\/2019\/11\/acn_logo_blackvector.svg","contentUrl":"https:\/\/media.acninternational.org\/wp-content\/uploads\/2019\/11\/acn_logo_blackvector.svg","width":232.6,"height":78,"caption":"Aid to the Church in Need International"},"image":{"@id":"https:\/\/acninternational.org\/de\/#\/schema\/logo\/image\/"},"sameAs":["https:\/\/www.facebook.com\/acninternationalorg","https:\/\/x.com\/acn_int","https:\/\/www.youtube.com\/channel\/UCQ-077gS0TnVzkhHmf1opZw","https:\/\/www.instagram.com\/acn_international\/"]},{"@type":"Person","@id":"https:\/\/acninternational.org\/de\/#\/schema\/person\/7f3dafb236b242fb2aa46be1411fd703","name":"ACN Press Team","description":"Lorem ipsum dolor sit amet, consectetur adipiscing elit, sed do eiusmod tempor incididunt ut labore et dolore magna aliqua. Ut enim ad minim veniam, quis nostrud exercitation ullamco laboris nisi ut aliquip ex ea commodo consequat.","url":"https:\/\/acninternational.org\/de\/author\/acn-press-team\/"}]}},"_links":{"self":[{"href":"https:\/\/acninternational.org\/de\/wp-json\/wp\/v2\/posts\/130768","targetHints":{"allow":["GET"]}}],"collection":[{"href":"https:\/\/acninternational.org\/de\/wp-json\/wp\/v2\/posts"}],"about":[{"href":"https:\/\/acninternational.org\/de\/wp-json\/wp\/v2\/types\/post"}],"author":[{"embeddable":true,"href":"https:\/\/acninternational.org\/de\/wp-json\/wp\/v2\/users\/4258341447"}],"replies":[{"embeddable":true,"href":"https:\/\/acninternational.org\/de\/wp-json\/wp\/v2\/comments?post=130768"}],"version-history":[{"count":0,"href":"https:\/\/acninternational.org\/de\/wp-json\/wp\/v2\/posts\/130768\/revisions"}],"wp:featuredmedia":[{"embeddable":true,"href":"https:\/\/acninternational.org\/de\/wp-json\/wp\/v2\/media\/130636"}],"wp:attachment":[{"href":"https:\/\/acninternational.org\/de\/wp-json\/wp\/v2\/media?parent=130768"}],"wp:term":[{"taxonomy":"category","embeddable":true,"href":"https:\/\/acninternational.org\/de\/wp-json\/wp\/v2\/categories?post=130768"},{"taxonomy":"post_tag","embeddable":true,"href":"https:\/\/acninternational.org\/de\/wp-json\/wp\/v2\/tags?post=130768"},{"taxonomy":"country","embeddable":true,"href":"https:\/\/acninternational.org\/de\/wp-json\/wp\/v2\/country?post=130768"}],"curies":[{"name":"wp","href":"https:\/\/api.w.org\/{rel}","templated":true}]}}